{"id":1595,"date":"2018-08-09T16:51:00","date_gmt":"2018-08-09T19:51:00","guid":{"rendered":"http:\/\/blogdoedvaldomagalhaes.com.br\/index.php\/2018\/08\/09\/familias-ameacadas-de-despejo-pede\/"},"modified":"2019-02-09T02:27:10","modified_gmt":"2019-02-09T04:27:10","slug":"familias-ameacadas-de-despejo-pede","status":"publish","type":"post","link":"https:\/\/blogdoedvaldomagalhaes.com.br\/index.php\/2018\/08\/09\/familias-ameacadas-de-despejo-pede\/","title":{"rendered":"Fam\u00edlias amea\u00e7adas de despejo pedem ajuda da prefeitura de Caruaru"},"content":{"rendered":"<div class=\"separator\" style=\"clear: both; text-align: center;\">\n<a href=\"https:\/\/3.bp.blogspot.com\/-70KUbbw2Z6s\/W2xw0XWVlrI\/AAAAAAAA35o\/hJS1GbL9BSk4ckp7t_ZmXwR9e1tJzkX7gCLcBGAs\/s1600\/IMG-20180809-WA0026.jpg\" imageanchor=\"1\" style=\"margin-left: 1em; margin-right: 1em;\"><img loading=\"lazy\" decoding=\"async\" border=\"0\" data-original-height=\"960\" data-original-width=\"1280\" height=\"480\" src=\"http:\/\/blogdoedvaldomagalhaes.com.br\/wp-content\/uploads\/2018\/08\/IMG-20180809-WA0026.jpg\" width=\"640\" \/><\/a><\/div>\n<div style=\"text-align: center;\">\nFoto: WhatsApp\/Cortesia<\/div>\n<div style=\"text-align: center;\">\n<\/div>\n<div style=\"text-align: justify;\">\nDezenas de fam\u00edlias ocuparam um terreno no s\u00edtio Lagoa de Pedra, zona rural de Caruaru, h\u00e1 cerca de tr\u00eas, onde fizeram um assentamento. Nessa quarta-feira (08), receberam ordem de despejo, com um prazo de dez dias para se retirarem do local. Segundo os moradores, o propriet\u00e1rio do terreno cobrou R$ 600 mil para vender toda \u00e1rea, por\u00e9m, as fam\u00edlias s\u00f3 conseguiram juntar at\u00e9 agora R$ 70 mil. Eles disseram ainda que, o propriet\u00e1rio n\u00e3o quer esperar mais e pediu toda quantia de uma s\u00f3 vez. Como as fam\u00edlias n\u00e3o tem mais dinheiro, foram at\u00e9 o pr\u00e9dio da Prefeitura de Caruaru, na manh\u00e3 desta quinta-feira (09), em busca de um di\u00e1logo com a prefeita Raquel Lyra (PSDB), mas n\u00e3o conseguiram falar com a gestora.<\/p>\n<p>Os moradores afirmaram que foi marcada uma reuni\u00e3o para a tarde desta quinta-feira (09), com um secret\u00e1rio municipal (n\u00e3o disseram qual), onde o assunto dever\u00e1 ser discutido.&nbsp;&nbsp;<\/p><\/div>\n","protected":false},"excerpt":{"rendered":"<p>Foto: WhatsApp\/Cortesia Dezenas de fam\u00edlias ocuparam um terreno no s\u00edtio Lagoa de Pedra, zona rural de Caruaru, h\u00e1 cerca de&hellip;<\/p>\n","protected":false},"author":1,"featured_media":0,"comment_status":"open","ping_status":"open","sticky":false,"template":"","format":"standard","meta":{"footnotes":""},"categories":[1],"tags":[2,1605,6],"class_list":["post-1595","post","type-post","status-publish","format-standard","hentry","category-sem-categoria","tag-blog-do-edvaldo-magalhaes","tag-familias-ameacadas-de-despejo-pedem-ajuda-da-prefeitura-de-caruaru","tag-noticias"],"_links":{"self":[{"href":"https:\/\/blogdoedvaldomagalhaes.com.br\/index.php\/wp-json\/wp\/v2\/posts\/1595","targetHints":{"allow":["GET"]}}],"collection":[{"href":"https:\/\/blogdoedvaldomagalhaes.com.br\/index.php\/wp-json\/wp\/v2\/posts"}],"about":[{"href":"https:\/\/blogdoedvaldomagalhaes.com.br\/index.php\/wp-json\/wp\/v2\/types\/post"}],"author":[{"embeddable":true,"href":"https:\/\/blogdoedvaldomagalhaes.com.br\/index.php\/wp-json\/wp\/v2\/users\/1"}],"replies":[{"embeddable":true,"href":"https:\/\/blogdoedvaldomagalhaes.com.br\/index.php\/wp-json\/wp\/v2\/comments?post=1595"}],"version-history":[{"count":1,"href":"https:\/\/blogdoedvaldomagalhaes.com.br\/index.php\/wp-json\/wp\/v2\/posts\/1595\/revisions"}],"predecessor-version":[{"id":33288,"href":"https:\/\/blogdoedvaldomagalhaes.com.br\/index.php\/wp-json\/wp\/v2\/posts\/1595\/revisions\/33288"}],"wp:attachment":[{"href":"https:\/\/blogdoedvaldomagalhaes.com.br\/index.php\/wp-json\/wp\/v2\/media?parent=1595"}],"wp:term":[{"taxonomy":"category","embeddable":true,"href":"https:\/\/blogdoedvaldomagalhaes.com.br\/index.php\/wp-json\/wp\/v2\/categories?post=1595"},{"taxonomy":"post_tag","embeddable":true,"href":"https:\/\/blogdoedvaldomagalhaes.com.br\/index.php\/wp-json\/wp\/v2\/tags?post=1595"}],"curies":[{"name":"wp","href":"https:\/\/api.w.org\/{rel}","templated":true}]}}