{"id":1592,"date":"2018-08-09T17:23:00","date_gmt":"2018-08-09T20:23:00","guid":{"rendered":"http:\/\/blogdoedvaldomagalhaes.com.br\/index.php\/2018\/08\/09\/tce-indefere-novo-pedido-de-medida\/"},"modified":"2019-02-09T02:27:11","modified_gmt":"2019-02-09T04:27:11","slug":"tce-indefere-novo-pedido-de-medida","status":"publish","type":"post","link":"https:\/\/blogdoedvaldomagalhaes.com.br\/index.php\/2018\/08\/09\/tce-indefere-novo-pedido-de-medida\/","title":{"rendered":"TCE indefere novo pedido de medida cautelar da empresa Bahia"},"content":{"rendered":"<div class=\"separator\" style=\"clear: both; text-align: center;\">\n<a href=\"https:\/\/3.bp.blogspot.com\/-ACzqF76Z1M8\/W2x4ZwuNv9I\/AAAAAAAA36U\/vlgTwbcATnoYkfzFCs7JXK2OmZiih_L_wCLcBGAs\/s1600\/ela.jpg\" imageanchor=\"1\" style=\"margin-left: 1em; margin-right: 1em;\"><img loading=\"lazy\" decoding=\"async\" border=\"0\" data-original-height=\"302\" data-original-width=\"512\" height=\"372\" src=\"http:\/\/blogdoedvaldomagalhaes.com.br\/wp-content\/uploads\/2018\/08\/ela.jpg\" width=\"640\" \/><\/a><\/div>\n<div class=\"separator\" style=\"clear: both; text-align: center;\">\nImagens ilustrativa<\/div>\n<div style=\"text-align: justify;\">\n<\/div>\n<div style=\"text-align: justify;\">\nNa manh\u00e3 desta quinta-feira (9), foi publicado no Di\u00e1rio Oficial do Estado a decis\u00e3o da segunda turma do Tribunal de Contas de Pernambuco (TCE-PE) indeferindo o novo pedido de medida cautelar, ajuizado pela empresa Bahia, no \u00faltimo dia (7). A empresa pede que o funcionamento do novo sistema de transporte p\u00fablico de Caruaru seja suspenso e houve a negativa do TCE.<\/div>\n<div style=\"text-align: justify;\">\n<\/div>\n<div style=\"text-align: justify;\">\nEm decis\u00e3o unanime, os conselheiros da Segunda C\u00e2mara do Tribunal de Contas do Estado, nos termos do voto do relator Jo\u00e3o Carneiro Campos, que integra o Acord\u00e3o, considerou que as alega\u00e7\u00f5es da Empresa Bahia Ltda. EPP n\u00e3o se revelam aptas a demonstrar plausibilidade jur\u00eddica para a cautela requerida e tampouco representam risco de dano ao er\u00e1rio ou de efic\u00e1cia de decis\u00e3o de m\u00e9rito.<\/div>\n<div style=\"text-align: justify;\">\n<\/div>\n<div style=\"text-align: justify;\">\nCom a decis\u00e3o do TCE-PE, segue em opera\u00e7\u00e3o o novo Sistema de Transporte P\u00fablico de Passageiros de Caruaru (STPP), com as empresas Capital do Agreste, Coletivo e Tabosa, vencedoras do processo licitat\u00f3rio<\/div>\n<div style=\"text-align: justify;\">\n<\/div>\n","protected":false},"excerpt":{"rendered":"<p>Imagens ilustrativa Na manh\u00e3 desta quinta-feira (9), foi publicado no Di\u00e1rio Oficial do Estado a decis\u00e3o da segunda turma do&hellip;<\/p>\n","protected":false},"author":1,"featured_media":0,"comment_status":"open","ping_status":"open","sticky":false,"template":"","format":"standard","meta":{"footnotes":""},"categories":[1],"tags":[2,6,1602],"class_list":["post-1592","post","type-post","status-publish","format-standard","hentry","category-sem-categoria","tag-blog-do-edvaldo-magalhaes","tag-noticias","tag-tce-indefere-novo-pedido-de-medida-cautelar-da-empresa-bahia"],"_links":{"self":[{"href":"https:\/\/blogdoedvaldomagalhaes.com.br\/index.php\/wp-json\/wp\/v2\/posts\/1592","targetHints":{"allow":["GET"]}}],"collection":[{"href":"https:\/\/blogdoedvaldomagalhaes.com.br\/index.php\/wp-json\/wp\/v2\/posts"}],"about":[{"href":"https:\/\/blogdoedvaldomagalhaes.com.br\/index.php\/wp-json\/wp\/v2\/types\/post"}],"author":[{"embeddable":true,"href":"https:\/\/blogdoedvaldomagalhaes.com.br\/index.php\/wp-json\/wp\/v2\/users\/1"}],"replies":[{"embeddable":true,"href":"https:\/\/blogdoedvaldomagalhaes.com.br\/index.php\/wp-json\/wp\/v2\/comments?post=1592"}],"version-history":[{"count":1,"href":"https:\/\/blogdoedvaldomagalhaes.com.br\/index.php\/wp-json\/wp\/v2\/posts\/1592\/revisions"}],"predecessor-version":[{"id":33295,"href":"https:\/\/blogdoedvaldomagalhaes.com.br\/index.php\/wp-json\/wp\/v2\/posts\/1592\/revisions\/33295"}],"wp:attachment":[{"href":"https:\/\/blogdoedvaldomagalhaes.com.br\/index.php\/wp-json\/wp\/v2\/media?parent=1592"}],"wp:term":[{"taxonomy":"category","embeddable":true,"href":"https:\/\/blogdoedvaldomagalhaes.com.br\/index.php\/wp-json\/wp\/v2\/categories?post=1592"},{"taxonomy":"post_tag","embeddable":true,"href":"https:\/\/blogdoedvaldomagalhaes.com.br\/index.php\/wp-json\/wp\/v2\/tags?post=1592"}],"curies":[{"name":"wp","href":"https:\/\/api.w.org\/{rel}","templated":true}]}}