{"id":1591,"date":"2018-08-09T23:03:00","date_gmt":"2018-08-10T02:03:00","guid":{"rendered":"http:\/\/blogdoedvaldomagalhaes.com.br\/index.php\/2018\/08\/09\/destra-vai-interditar-algumas-ruas-de\/"},"modified":"2019-02-09T02:27:11","modified_gmt":"2019-02-09T04:27:11","slug":"destra-vai-interditar-algumas-ruas-de","status":"publish","type":"post","link":"https:\/\/blogdoedvaldomagalhaes.com.br\/index.php\/2018\/08\/09\/destra-vai-interditar-algumas-ruas-de\/","title":{"rendered":"Destra vai interditar algumas ruas de Caruaru s\u00e1bado (11)"},"content":{"rendered":"<div class=\"separator\" style=\"clear: both; text-align: center;\">\n<a href=\"https:\/\/4.bp.blogspot.com\/-uIk1H01uRWg\/W2zIKal8EsI\/AAAAAAAA37Q\/RgrRp8SmYCUb7nDWSgvwVnT_DtB5EZGnQCLcBGAs\/s1600\/rua.png\" imageanchor=\"1\" style=\"margin-left: 1em; margin-right: 1em;\"><img loading=\"lazy\" decoding=\"async\" border=\"0\" data-original-height=\"200\" data-original-width=\"306\" height=\"419\" src=\"http:\/\/blogdoedvaldomagalhaes.com.br\/wp-content\/uploads\/2018\/08\/rua.png\" width=\"640\" \/><\/a><\/div>\n<div style=\"text-align: justify;\">\n<\/div>\n<div style=\"text-align: justify;\">\nA Autarquia Municipal de Defesa Social, Tr\u00e2nsito e Transportes (Destra) informa que, neste s\u00e1bado (11), a rua Agnelo Dias Vidal, travessa Manoel Surubim e rua S\u00e3o Vicente de Paula, no entorno do P\u00e1tio de Eventos Luiz Lua Gonzaga, ser\u00e3o interditadas das 12h \u00e0s 0h. Os bloqueios ser\u00e3o realizados em virtude do evento em celebra\u00e7\u00e3o aos 100 anos da Assembleia de Deus, que ocorrer\u00e1 no P\u00e1tio de Eventos, com um p\u00fablico estimado em 30 mil pessoas.<\/div>\n<div style=\"text-align: justify;\">\n<\/div>\n","protected":false},"excerpt":{"rendered":"<p>A Autarquia Municipal de Defesa Social, Tr\u00e2nsito e Transportes (Destra) informa que, neste s\u00e1bado (11), a rua Agnelo Dias Vidal,&hellip;<\/p>\n","protected":false},"author":1,"featured_media":0,"comment_status":"open","ping_status":"open","sticky":false,"template":"","format":"standard","meta":{"footnotes":""},"categories":[1],"tags":[2,1601,6],"class_list":["post-1591","post","type-post","status-publish","format-standard","hentry","category-sem-categoria","tag-blog-do-edvaldo-magalhaes","tag-destra-vai-interditar-algumas-ruas-de-caruaru-sabado-11","tag-noticias"],"_links":{"self":[{"href":"https:\/\/blogdoedvaldomagalhaes.com.br\/index.php\/wp-json\/wp\/v2\/posts\/1591","targetHints":{"allow":["GET"]}}],"collection":[{"href":"https:\/\/blogdoedvaldomagalhaes.com.br\/index.php\/wp-json\/wp\/v2\/posts"}],"about":[{"href":"https:\/\/blogdoedvaldomagalhaes.com.br\/index.php\/wp-json\/wp\/v2\/types\/post"}],"author":[{"embeddable":true,"href":"https:\/\/blogdoedvaldomagalhaes.com.br\/index.php\/wp-json\/wp\/v2\/users\/1"}],"replies":[{"embeddable":true,"href":"https:\/\/blogdoedvaldomagalhaes.com.br\/index.php\/wp-json\/wp\/v2\/comments?post=1591"}],"version-history":[{"count":1,"href":"https:\/\/blogdoedvaldomagalhaes.com.br\/index.php\/wp-json\/wp\/v2\/posts\/1591\/revisions"}],"predecessor-version":[{"id":33297,"href":"https:\/\/blogdoedvaldomagalhaes.com.br\/index.php\/wp-json\/wp\/v2\/posts\/1591\/revisions\/33297"}],"wp:attachment":[{"href":"https:\/\/blogdoedvaldomagalhaes.com.br\/index.php\/wp-json\/wp\/v2\/media?parent=1591"}],"wp:term":[{"taxonomy":"category","embeddable":true,"href":"https:\/\/blogdoedvaldomagalhaes.com.br\/index.php\/wp-json\/wp\/v2\/categories?post=1591"},{"taxonomy":"post_tag","embeddable":true,"href":"https:\/\/blogdoedvaldomagalhaes.com.br\/index.php\/wp-json\/wp\/v2\/tags?post=1591"}],"curies":[{"name":"wp","href":"https:\/\/api.w.org\/{rel}","templated":true}]}}