{"id":1589,"date":"2018-08-10T10:31:00","date_gmt":"2018-08-10T13:31:00","guid":{"rendered":"http:\/\/blogdoedvaldomagalhaes.com.br\/index.php\/2018\/08\/10\/projeto-via-parque-e-lancado-para\/"},"modified":"2019-02-09T02:27:12","modified_gmt":"2019-02-09T04:27:12","slug":"projeto-via-parque-e-lancado-para","status":"publish","type":"post","link":"https:\/\/blogdoedvaldomagalhaes.com.br\/index.php\/2018\/08\/10\/projeto-via-parque-e-lancado-para\/","title":{"rendered":"Projeto Via Parque \u00e9 lan\u00e7ado para a popula\u00e7\u00e3o; Confira"},"content":{"rendered":"<div class=\"separator\" style=\"clear: both; text-align: center;\">\n<a href=\"https:\/\/2.bp.blogspot.com\/-zCRu43DTMGA\/W21ohXlqrAI\/AAAAAAAA37s\/JKFDdDYIvUY0IWn37P8JIgtc-eXQA072wCLcBGAs\/s1600\/1.jpg\" imageanchor=\"1\" style=\"margin-left: 1em; margin-right: 1em;\"><img loading=\"lazy\" decoding=\"async\" border=\"0\" data-original-height=\"1011\" data-original-width=\"1600\" height=\"404\" src=\"http:\/\/blogdoedvaldomagalhaes.com.br\/wp-content\/uploads\/2018\/08\/1-6.jpg\" width=\"640\" \/><\/a><\/div>\n<div style=\"text-align: justify;\">\n<\/div>\n<div style=\"text-align: justify;\">\nA Prefeitura de Caruaru lan\u00e7ou, nessa quinta-feira (09), o projeto Via Parque, uma nova op\u00e7\u00e3o de mobilidade urbana que atravessar\u00e1 a cidade de leste a oeste, com implanta\u00e7\u00e3o de ciclovia, ciclofaixas, pistas de cooper, biciclet\u00e1rios, academias, quadras poliesportivas, pra\u00e7as de conviv\u00eancia, ecopontos e nova ilumina\u00e7\u00e3o.<\/div>\n<div style=\"text-align: justify;\">\n<\/div>\n<div style=\"text-align: justify;\">\nO projeto contempla um total de 7.000 metros de interven\u00e7\u00e3o, dividido em tr\u00eas eixos: centro, leste e oeste da cidade. \u201cN\u00f3s idealizamos a Via Parque desde 2016 e, como o \u00fanico munic\u00edpio do estado a conseguir recursos do Finisa, colocaremos este projeto em pr\u00e1tica, que vai conectar os territ\u00f3rios da zona oeste com os territ\u00f3rios do centro e do leste, trazendo mais qualidade de vida e mobilidade para a popula\u00e7\u00e3o de Caruaru\u201d, afirmou o secret\u00e1rio de Planejamento e Gest\u00e3o, Rub\u00e9n Pecchio.<\/div>\n<div style=\"text-align: justify;\">\n<\/div>\n<div class=\"separator\" style=\"clear: both; text-align: center;\">\n<a href=\"https:\/\/1.bp.blogspot.com\/-bdP5H4UCB-0\/W21pCAWegKI\/AAAAAAAA370\/H7nxv_93XMA7jsqu1H1hT-SuEUNVu9UogCLcBGAs\/s1600\/4.jpg\" imageanchor=\"1\" style=\"margin-left: 1em; margin-right: 1em;\"><img loading=\"lazy\" decoding=\"async\" border=\"0\" data-original-height=\"1045\" data-original-width=\"1600\" height=\"414\" src=\"http:\/\/blogdoedvaldomagalhaes.com.br\/wp-content\/uploads\/2018\/08\/4-1.jpg\" width=\"640\" \/><\/a><\/div>\n<div style=\"text-align: justify;\">\n<\/div>\n<div style=\"text-align: justify;\">\nNa ocasi\u00e3o, tamb\u00e9m foi lan\u00e7ado o edital de licita\u00e7\u00e3o do projeto. \u201cMuito legal poder ver nossa cidade, o lugar em que vivemos, tendo mais qualidade de vida, mais preocupa\u00e7\u00e3o com a mobilidade urbana e vida das pessoas. Fazemos quest\u00e3o de mostrar com muita transpar\u00eancia tudo o que vem sendo feito em parceria com a Prefeitura de Caruaru. A Caixa Econ\u00f4mica est\u00e1 junta neste projeto e ser\u00e1, sem d\u00favidas, uma mudan\u00e7a na hist\u00f3ria da cidade\u201d, disse o superintendente em exerc\u00edcio da Caixa Econ\u00f4mica, Jhonata Valen\u00e7a.<\/div>\n<div style=\"text-align: justify;\">\n<\/div>\n<div style=\"text-align: justify;\">\nA primeira etapa, localizada no denominado eixo centro, a partir da BR 104 (in\u00edcio da Avenida Rui Barbosa) at\u00e9 o P\u00e1tio de Eventos Luiz Lua Gonzaga, ter\u00e1 2,2 quil\u00f4metros de extens\u00e3o e um custo de 4,8 milh\u00f5es de reais.<\/div>\n<div style=\"text-align: justify;\">\n<\/div>\n<div class=\"separator\" style=\"clear: both; text-align: center;\">\n<a href=\"https:\/\/3.bp.blogspot.com\/-p_AA_mYQQ8U\/W21pYVml9ZI\/AAAAAAAA378\/piRjACSY4Vot8nsBfjH8gd20FEKN02UkwCLcBGAs\/s1600\/3.jpg\" imageanchor=\"1\" style=\"margin-left: 1em; margin-right: 1em;\"><img loading=\"lazy\" decoding=\"async\" border=\"0\" data-original-height=\"996\" data-original-width=\"1600\" height=\"394\" src=\"http:\/\/blogdoedvaldomagalhaes.com.br\/wp-content\/uploads\/2018\/08\/3-4.jpg\" width=\"640\" \/><\/a><\/div>\n<div style=\"text-align: justify;\">\n<\/div>\n<div style=\"text-align: justify;\">\nDe acordo com o arquiteto respons\u00e1vel pelo projeto, a gest\u00e3o ir\u00e1 utilizar o modelo de mobilidade ativa, ou seja, mobilidade n\u00e3o motorizada. \u201cVamos usar este tipo de mobilidade para fazer esta integra\u00e7\u00e3o entre pontos simb\u00f3licos da cidade, utilizando a Esta\u00e7\u00e3o Ferrovi\u00e1ria como elemento \u00e2ncora deste projeto, fazendo sua liga\u00e7\u00e3o com a zona oeste e a zona leste de Caruaru\u201d, concluiu o arquiteto Swami Lima.<\/div>\n<div style=\"text-align: justify;\">\n<\/div>\n<div style=\"text-align: justify;\">\nAl\u00e9m de conter diversos espa\u00e7os de lazer, tanto para crian\u00e7as como para as pessoas da terceira idade, o projeto ir\u00e1 contemplar cerca de 14 bairros da cidade, com uma estimativa de 150 mil pessoas beneficiadas. \u201c\u00c9 com imensa alegria que compartilho este sonho junto com voc\u00eas. Vamos, sim, com este projeto gerar uma grande transforma\u00e7\u00e3o neste corredor que \u00e9 fundamental para a nossa cidade. A ideia \u00e9 que a Via Parque funcione todos os dias, com espa\u00e7os de lazer permanentes para a popula\u00e7\u00e3o usufruir, trazer seus familiares e conhecer ainda mais a cidade\u201d, finalizou a prefeita Raquel Lyra.<\/div>\n<div style=\"text-align: justify;\">\n<\/div>\n<div style=\"text-align: justify;\">\nA obra da Via Parque ter\u00e1 dura\u00e7\u00e3o de 12 meses para sua conclus\u00e3o.&nbsp;<\/div>\n","protected":false},"excerpt":{"rendered":"<p>A Prefeitura de Caruaru lan\u00e7ou, nessa quinta-feira (09), o projeto Via Parque, uma nova op\u00e7\u00e3o de mobilidade urbana que atravessar\u00e1&hellip;<\/p>\n","protected":false},"author":1,"featured_media":0,"comment_status":"open","ping_status":"open","sticky":false,"template":"","format":"standard","meta":{"footnotes":""},"categories":[1],"tags":[2,20,1599],"class_list":["post-1589","post","type-post","status-publish","format-standard","hentry","category-sem-categoria","tag-blog-do-edvaldo-magalhaes","tag-politica","tag-projeto-via-parque-e-lancado-para-a-populacao-confira"],"_links":{"self":[{"href":"https:\/\/blogdoedvaldomagalhaes.com.br\/index.php\/wp-json\/wp\/v2\/posts\/1589","targetHints":{"allow":["GET"]}}],"collection":[{"href":"https:\/\/blogdoedvaldomagalhaes.com.br\/index.php\/wp-json\/wp\/v2\/posts"}],"about":[{"href":"https:\/\/blogdoedvaldomagalhaes.com.br\/index.php\/wp-json\/wp\/v2\/types\/post"}],"author":[{"embeddable":true,"href":"https:\/\/blogdoedvaldomagalhaes.com.br\/index.php\/wp-json\/wp\/v2\/users\/1"}],"replies":[{"embeddable":true,"href":"https:\/\/blogdoedvaldomagalhaes.com.br\/index.php\/wp-json\/wp\/v2\/comments?post=1589"}],"version-history":[{"count":1,"href":"https:\/\/blogdoedvaldomagalhaes.com.br\/index.php\/wp-json\/wp\/v2\/posts\/1589\/revisions"}],"predecessor-version":[{"id":33303,"href":"https:\/\/blogdoedvaldomagalhaes.com.br\/index.php\/wp-json\/wp\/v2\/posts\/1589\/revisions\/33303"}],"wp:attachment":[{"href":"https:\/\/blogdoedvaldomagalhaes.com.br\/index.php\/wp-json\/wp\/v2\/media?parent=1589"}],"wp:term":[{"taxonomy":"category","embeddable":true,"href":"https:\/\/blogdoedvaldomagalhaes.com.br\/index.php\/wp-json\/wp\/v2\/categories?post=1589"},{"taxonomy":"post_tag","embeddable":true,"href":"https:\/\/blogdoedvaldomagalhaes.com.br\/index.php\/wp-json\/wp\/v2\/tags?post=1589"}],"curies":[{"name":"wp","href":"https:\/\/api.w.org\/{rel}","templated":true}]}}