{"id":1588,"date":"2018-08-10T10:36:00","date_gmt":"2018-08-10T13:36:00","guid":{"rendered":"http:\/\/blogdoedvaldomagalhaes.com.br\/index.php\/2018\/08\/10\/alberes-lopes-retira-candidatura\/"},"modified":"2019-02-09T02:27:12","modified_gmt":"2019-02-09T04:27:12","slug":"alberes-lopes-retira-candidatura","status":"publish","type":"post","link":"https:\/\/blogdoedvaldomagalhaes.com.br\/index.php\/2018\/08\/10\/alberes-lopes-retira-candidatura\/","title":{"rendered":"Alberes Lopes retira candidatura a deputado, ap\u00f3s Jos\u00e9 Queiroz confirmar candidatura"},"content":{"rendered":"<div class=\"separator\" style=\"clear: both; text-align: center;\">\n<a href=\"https:\/\/1.bp.blogspot.com\/-LwEc6vDcCXA\/W21qKA5dt3I\/AAAAAAAA38E\/mi8_kvjXY_UDQxrm38HGfwwHnt0IegXAACLcBGAs\/s1600\/aloberes.jpg\" imageanchor=\"1\" style=\"margin-left: 1em; margin-right: 1em;\"><img loading=\"lazy\" decoding=\"async\" border=\"0\" data-original-height=\"630\" data-original-width=\"779\" height=\"514\" src=\"http:\/\/blogdoedvaldomagalhaes.com.br\/wp-content\/uploads\/2018\/08\/aloberes.jpg\" width=\"640\" \/><\/a><\/div>\n<div class=\"separator\" style=\"clear: both; text-align: center;\">\n<\/div>\n<div style=\"text-align: justify;\">\nO vereador Alberes Lopes do PSC, confirmou a reportagem do Blog do Edvaldo Magalh\u00e3es, durante a reuni\u00e3o ordin\u00e1ria da C\u00e2mara de Caruaru, nessa quinta-feira (09), que retira a sua candidatura a deputado estadual, com a confirma\u00e7\u00e3o da candidatura a deputado do ex-prefeito de Caruaru, Jos\u00e9 Queiroz (PDT). Alberes deve confirmar oficialmente nesta sexta-feira (10).<\/div>\n","protected":false},"excerpt":{"rendered":"<p>O vereador Alberes Lopes do PSC, confirmou a reportagem do Blog do Edvaldo Magalh\u00e3es, durante a reuni\u00e3o ordin\u00e1ria da C\u00e2mara&hellip;<\/p>\n","protected":false},"author":1,"featured_media":0,"comment_status":"open","ping_status":"open","sticky":false,"template":"","format":"standard","meta":{"footnotes":""},"categories":[1],"tags":[1597,1598,2,20],"class_list":["post-1588","post","type-post","status-publish","format-standard","hentry","category-sem-categoria","tag-alberes-lopes-retira-candidatura-a-deputado","tag-apos-jose-queiroz-confirmar-candidatura","tag-blog-do-edvaldo-magalhaes","tag-politica"],"_links":{"self":[{"href":"https:\/\/blogdoedvaldomagalhaes.com.br\/index.php\/wp-json\/wp\/v2\/posts\/1588","targetHints":{"allow":["GET"]}}],"collection":[{"href":"https:\/\/blogdoedvaldomagalhaes.com.br\/index.php\/wp-json\/wp\/v2\/posts"}],"about":[{"href":"https:\/\/blogdoedvaldomagalhaes.com.br\/index.php\/wp-json\/wp\/v2\/types\/post"}],"author":[{"embeddable":true,"href":"https:\/\/blogdoedvaldomagalhaes.com.br\/index.php\/wp-json\/wp\/v2\/users\/1"}],"replies":[{"embeddable":true,"href":"https:\/\/blogdoedvaldomagalhaes.com.br\/index.php\/wp-json\/wp\/v2\/comments?post=1588"}],"version-history":[{"count":1,"href":"https:\/\/blogdoedvaldomagalhaes.com.br\/index.php\/wp-json\/wp\/v2\/posts\/1588\/revisions"}],"predecessor-version":[{"id":33305,"href":"https:\/\/blogdoedvaldomagalhaes.com.br\/index.php\/wp-json\/wp\/v2\/posts\/1588\/revisions\/33305"}],"wp:attachment":[{"href":"https:\/\/blogdoedvaldomagalhaes.com.br\/index.php\/wp-json\/wp\/v2\/media?parent=1588"}],"wp:term":[{"taxonomy":"category","embeddable":true,"href":"https:\/\/blogdoedvaldomagalhaes.com.br\/index.php\/wp-json\/wp\/v2\/categories?post=1588"},{"taxonomy":"post_tag","embeddable":true,"href":"https:\/\/blogdoedvaldomagalhaes.com.br\/index.php\/wp-json\/wp\/v2\/tags?post=1588"}],"curies":[{"name":"wp","href":"https:\/\/api.w.org\/{rel}","templated":true}]}}