{"id":1585,"date":"2018-08-10T22:02:00","date_gmt":"2018-08-11T01:02:00","guid":{"rendered":"http:\/\/blogdoedvaldomagalhaes.com.br\/index.php\/2018\/08\/10\/secretaria-de-defesa-social-inaugura\/"},"modified":"2019-02-09T02:27:17","modified_gmt":"2019-02-09T04:27:17","slug":"secretaria-de-defesa-social-inaugura","status":"publish","type":"post","link":"https:\/\/blogdoedvaldomagalhaes.com.br\/index.php\/2018\/08\/10\/secretaria-de-defesa-social-inaugura\/","title":{"rendered":"Secretaria de Defesa Social inaugura sete unidades da Pol\u00edcia Civil em Caruaru"},"content":{"rendered":"<div class=\"separator\" style=\"clear: both; text-align: center;\">\n<a href=\"https:\/\/3.bp.blogspot.com\/-LTAnliYB3vw\/W24LYmGSC2I\/AAAAAAAA39s\/P0X4Rlz2xHwLyi9Nx6tw5hdlW4btXo7ewCLcBGAs\/s1600\/policia.jpg\" imageanchor=\"1\" style=\"margin-left: 1em; margin-right: 1em;\"><img loading=\"lazy\" decoding=\"async\" border=\"0\" data-original-height=\"309\" data-original-width=\"599\" height=\"328\" src=\"http:\/\/blogdoedvaldomagalhaes.com.br\/wp-content\/uploads\/2018\/08\/policia.jpg\" width=\"640\" \/><\/a><\/div>\n<div style=\"text-align: justify;\">\nO Secret\u00e1rio de Defesa Social de Pernambuco, Ant\u00f4nio de P\u00e1dua, acompanhado do Chefe da Pol\u00edcia Civil de Pernambuco, Joselito Kehrle do Amaral, inaugura, na manh\u00e3 desta segunda-feira (13), \u00e0s 11h30, o complexo que abriga seis unidades da PCPE no munic\u00edpio de Caruaru, Agreste do Estado. No local, tamb\u00e9m funciona o Plant\u00e3o que atende as ocorr\u00eancias 24 horas, incluindo o per\u00edodo noturno, finais de semana e feriados. O lugar possui estrutura completa, com amplo estacionamento e salas exclusivas para registro dos Boletins de Ocorr\u00eancia, &nbsp;para atender de forma adequada &nbsp;a popula\u00e7\u00e3o caruaruense. <\/div>\n<div style=\"text-align: justify;\">\n<\/div>\n<div style=\"text-align: justify;\">\n\u201cAs unidades j\u00e1 estavam funcionando de forma parcial. Mas, com a recente instala\u00e7\u00e3o do plant\u00e3o, est\u00e3o em plena capacidade para ajudar a manter as redu\u00e7\u00f5es nos \u00edndices de criminalidade em Caruaru\u201d, afirma o Chefe da PCPE, Joselito Kherle. &nbsp; <\/div>\n<div style=\"text-align: justify;\">\n<\/div>\n<div style=\"text-align: justify;\">\nNo complexo, &nbsp;que \u00e9 dividido em tr\u00eas edifica\u00e7\u00f5es, &nbsp;funcionam a Diretoria Integrada do Interior 1, a Delegacia Seccional de Caruaru, a Divis\u00e3o de Homic\u00eddios do Agreste, duas Delegacias de Homic\u00eddios (a 19\u00b0 e 20\u00b0), a 90\u00b0 Delegacia Circunscricional e o plant\u00e3o 24h. As estruturas abrigam 115 policiais civis, desenvolvendo investiga\u00e7\u00f5es &nbsp;para combater a criminalidade no munic\u00edpio. O resultado \u00e9 que Caruaru det\u00e9m uma das melhores taxas de resolu\u00e7\u00e3o do Estado, com 51% dos inqu\u00e9ritos conclu\u00eddos e remetidos \u00e0 Justi\u00e7a com autoria definida. &nbsp; &nbsp;<\/div>\n<div style=\"text-align: justify;\">\n<\/div>\n<div style=\"text-align: justify;\">\nNos seis primeiros meses de 2018, os casos de homic\u00eddios no munic\u00edpio tiveram uma redu\u00e7\u00e3o de 41%, quando se compara com o mesmo per\u00edodo do ano passado. Os Crimes Contra o Patrim\u00f4nio (CVPs), que se referem aos roubos e furtos, registraram queda de 38%, utilizando a mesma compara\u00e7\u00e3o.<\/div>\n<div style=\"text-align: justify;\">\n<\/div>\n<div style=\"text-align: justify;\">\nAs sedes das unidades da Pol\u00edcia Civil est\u00e3o localizadas na BR 104, ao lado do 4\u00b0 Batalh\u00e3o da Pol\u00edcia Militar, o que garante integra\u00e7\u00e3o entre as for\u00e7as de seguran\u00e7a. As novas instala\u00e7\u00f5es permitiram a devolu\u00e7\u00e3o de im\u00f3veis que eram alugados, representando uma economia de R$ 48 mil anuais aos cofres p\u00fablicos.<\/div>\n","protected":false},"excerpt":{"rendered":"<p>O Secret\u00e1rio de Defesa Social de Pernambuco, Ant\u00f4nio de P\u00e1dua, acompanhado do Chefe da Pol\u00edcia Civil de Pernambuco, Joselito Kehrle&hellip;<\/p>\n","protected":false},"author":1,"featured_media":0,"comment_status":"open","ping_status":"open","sticky":false,"template":"","format":"standard","meta":{"footnotes":""},"categories":[1],"tags":[2,13,1594],"class_list":["post-1585","post","type-post","status-publish","format-standard","hentry","category-sem-categoria","tag-blog-do-edvaldo-magalhaes","tag-policial","tag-secretaria-de-defesa-social-inaugura-sete-unidades-da-policia-civil-em-caruaru"],"_links":{"self":[{"href":"https:\/\/blogdoedvaldomagalhaes.com.br\/index.php\/wp-json\/wp\/v2\/posts\/1585","targetHints":{"allow":["GET"]}}],"collection":[{"href":"https:\/\/blogdoedvaldomagalhaes.com.br\/index.php\/wp-json\/wp\/v2\/posts"}],"about":[{"href":"https:\/\/blogdoedvaldomagalhaes.com.br\/index.php\/wp-json\/wp\/v2\/types\/post"}],"author":[{"embeddable":true,"href":"https:\/\/blogdoedvaldomagalhaes.com.br\/index.php\/wp-json\/wp\/v2\/users\/1"}],"replies":[{"embeddable":true,"href":"https:\/\/blogdoedvaldomagalhaes.com.br\/index.php\/wp-json\/wp\/v2\/comments?post=1585"}],"version-history":[{"count":1,"href":"https:\/\/blogdoedvaldomagalhaes.com.br\/index.php\/wp-json\/wp\/v2\/posts\/1585\/revisions"}],"predecessor-version":[{"id":33312,"href":"https:\/\/blogdoedvaldomagalhaes.com.br\/index.php\/wp-json\/wp\/v2\/posts\/1585\/revisions\/33312"}],"wp:attachment":[{"href":"https:\/\/blogdoedvaldomagalhaes.com.br\/index.php\/wp-json\/wp\/v2\/media?parent=1585"}],"wp:term":[{"taxonomy":"category","embeddable":true,"href":"https:\/\/blogdoedvaldomagalhaes.com.br\/index.php\/wp-json\/wp\/v2\/categories?post=1585"},{"taxonomy":"post_tag","embeddable":true,"href":"https:\/\/blogdoedvaldomagalhaes.com.br\/index.php\/wp-json\/wp\/v2\/tags?post=1585"}],"curies":[{"name":"wp","href":"https:\/\/api.w.org\/{rel}","templated":true}]}}