{"id":1583,"date":"2018-08-10T23:30:00","date_gmt":"2018-08-11T02:30:00","guid":{"rendered":"http:\/\/blogdoedvaldomagalhaes.com.br\/index.php\/2018\/08\/10\/helicoptero-da-pm-com-o-governador-do\/"},"modified":"2019-02-09T02:27:19","modified_gmt":"2019-02-09T04:27:19","slug":"helicoptero-da-pm-com-o-governador-do","status":"publish","type":"post","link":"https:\/\/blogdoedvaldomagalhaes.com.br\/index.php\/2018\/08\/10\/helicoptero-da-pm-com-o-governador-do\/","title":{"rendered":"Helic\u00f3ptero da PM com o governador do Esp\u00edrito Santo cai"},"content":{"rendered":"<div class=\"separator\" style=\"clear: both; text-align: center;\">\n<a href=\"https:\/\/2.bp.blogspot.com\/-JW2SjWC13Ps\/W24fqVhSu6I\/AAAAAAAA3_A\/BHhfH6S13cgaLs1lFgVhpwYhfUJkQFTAwCLcBGAs\/s1600\/foto.jpeg\" imageanchor=\"1\" style=\"margin-left: 1em; margin-right: 1em;\"><img loading=\"lazy\" decoding=\"async\" border=\"0\" data-original-height=\"694\" data-original-width=\"1024\" height=\"430\" src=\"http:\/\/blogdoedvaldomagalhaes.com.br\/wp-content\/uploads\/2018\/08\/foto.jpeg\" width=\"640\" \/><\/a><\/div>\n<p><\/p>\n<div class=\"clearfix entry-content\" style=\"box-sizing: border-box; margin-bottom: 20px; word-wrap: break-word;\">\n<div style=\"box-sizing: border-box; margin-bottom: 1em; text-align: justify;\">\nUm helic\u00f3ptero da Pol\u00edcia Militar com o governador do Esp\u00edrito Santo caiu, na tarde desta sexta-feira (10), o&nbsp;acidente aconteceu na Reserva Florestal de Pedra Azul. Assist\u00eancia T\u00e9cnica e Extens\u00e3o Rural (Incaper), \u00f3rg\u00e3o vinculado ao governo do estado,&nbsp;dentro dos limites de Domingos Martins, regi\u00e3o Serrana do Esp\u00edrito Santo. Ele n\u00e3o se machucou, segundo a assessoria de imprensa do governo.&nbsp;A assessoria disse que, ao pousar, a aeronave bateu na trave de um campo de futebol e caiu.<\/p>\n<p>A agenda oficial do governador n\u00e3o previa nenhum evento nesta sexta-feira, mas, segundo relato de assessores, ele seguia para Domingos Martins a fim de participar de um festival de cinema.&nbsp;<\/p><\/div>\n<div style=\"text-align: justify;\">\n<div class=\"separator\" style=\"clear: both; text-align: center;\">\n<a href=\"https:\/\/4.bp.blogspot.com\/-WQtmddiNYgI\/W24i7kbJWZI\/AAAAAAAA3_M\/uOOQ_NL8bro8fNWiqYGG9JtTGSZkRl7qQCLcBGAs\/s1600\/cris.jpg\" imageanchor=\"1\" style=\"margin-left: 1em; margin-right: 1em;\"><img loading=\"lazy\" decoding=\"async\" border=\"0\" data-original-height=\"414\" data-original-width=\"900\" height=\"290\" src=\"http:\/\/blogdoedvaldomagalhaes.com.br\/wp-content\/uploads\/2018\/08\/cris.jpg\" width=\"640\" \/><\/a><\/div>\n<p><\/div>\n<p><\/p>\n<div style=\"text-align: justify;\">\nPaulo Hartung (61 anos)&nbsp; e a primeira dama Cristina Gomes (foto acima) seguiam para Domingos Martins.&nbsp;A agenda oficial do governador n\u00e3o previa nenhum evento nesta sexta-feira, mas, segundo relato de assessores, ele seguia para Domingos Martins a fim de participar de um festival de cinema.&nbsp;&nbsp;O pol\u00edtico, a esposa e quatro militares que estavam a bordo passam bem.<\/p>\n<p><b>Confira a nota divulgada pela Assessoria do Governo do Esp\u00edrito Santo:&nbsp;<\/b><\/p>\n<p>&#8220;O governador Paulo Hartung seguia na tarde desta sexta-feira (10) para&nbsp; Domingos Martins, onde participaria \u00e0 noite de um festival de cinema, e, ao pousar na fazenda do&nbsp; Incaper naquela cidade, o helic\u00f3ptero bateu na trave de um campo de futebol&nbsp; e caiu. O governador e os pilotos n\u00e3o tiveram ferimentos e passam bem.&nbsp;<\/p>\n<p>\nAssessoria do governador Paulo Hartung&#8221;<\/p>\n<div>\n<\/div>\n<\/div>\n<\/div>\n","protected":false},"excerpt":{"rendered":"<p>Um helic\u00f3ptero da Pol\u00edcia Militar com o governador do Esp\u00edrito Santo caiu, na tarde desta sexta-feira (10), o&nbsp;acidente aconteceu na&hellip;<\/p>\n","protected":false},"author":1,"featured_media":0,"comment_status":"open","ping_status":"open","sticky":false,"template":"","format":"standard","meta":{"footnotes":""},"categories":[1],"tags":[2,1592,6],"class_list":["post-1583","post","type-post","status-publish","format-standard","hentry","category-sem-categoria","tag-blog-do-edvaldo-magalhaes","tag-helicoptero-da-pm-com-o-governador-do-espirito-santo-cai","tag-noticias"],"_links":{"self":[{"href":"https:\/\/blogdoedvaldomagalhaes.com.br\/index.php\/wp-json\/wp\/v2\/posts\/1583","targetHints":{"allow":["GET"]}}],"collection":[{"href":"https:\/\/blogdoedvaldomagalhaes.com.br\/index.php\/wp-json\/wp\/v2\/posts"}],"about":[{"href":"https:\/\/blogdoedvaldomagalhaes.com.br\/index.php\/wp-json\/wp\/v2\/types\/post"}],"author":[{"embeddable":true,"href":"https:\/\/blogdoedvaldomagalhaes.com.br\/index.php\/wp-json\/wp\/v2\/users\/1"}],"replies":[{"embeddable":true,"href":"https:\/\/blogdoedvaldomagalhaes.com.br\/index.php\/wp-json\/wp\/v2\/comments?post=1583"}],"version-history":[{"count":1,"href":"https:\/\/blogdoedvaldomagalhaes.com.br\/index.php\/wp-json\/wp\/v2\/posts\/1583\/revisions"}],"predecessor-version":[{"id":33324,"href":"https:\/\/blogdoedvaldomagalhaes.com.br\/index.php\/wp-json\/wp\/v2\/posts\/1583\/revisions\/33324"}],"wp:attachment":[{"href":"https:\/\/blogdoedvaldomagalhaes.com.br\/index.php\/wp-json\/wp\/v2\/media?parent=1583"}],"wp:term":[{"taxonomy":"category","embeddable":true,"href":"https:\/\/blogdoedvaldomagalhaes.com.br\/index.php\/wp-json\/wp\/v2\/categories?post=1583"},{"taxonomy":"post_tag","embeddable":true,"href":"https:\/\/blogdoedvaldomagalhaes.com.br\/index.php\/wp-json\/wp\/v2\/tags?post=1583"}],"curies":[{"name":"wp","href":"https:\/\/api.w.org\/{rel}","templated":true}]}}