{"id":1578,"date":"2018-08-11T14:26:00","date_gmt":"2018-08-11T17:26:00","guid":{"rendered":"http:\/\/blogdoedvaldomagalhaes.com.br\/index.php\/2018\/08\/11\/homem-e-assassinado-com-pedradas-na\/"},"modified":"2019-02-09T02:27:29","modified_gmt":"2019-02-09T04:27:29","slug":"homem-e-assassinado-com-pedradas-na","status":"publish","type":"post","link":"https:\/\/blogdoedvaldomagalhaes.com.br\/index.php\/2018\/08\/11\/homem-e-assassinado-com-pedradas-na\/","title":{"rendered":"Homem \u00e9 assassinado com pedradas na cabe\u00e7a em Santa Cruz do Capibaribe"},"content":{"rendered":"<div class=\"separator\" style=\"clear: both; text-align: center;\">\n<a href=\"https:\/\/2.bp.blogspot.com\/-4WlWid9-wQM\/W27xwN0M5cI\/AAAAAAAA4AU\/nITTv6wtJGkwz077QXI0rte2b1Wd0qEqQCLcBGAs\/s1600\/pedra.jpeg\" imageanchor=\"1\" style=\"margin-left: 1em; margin-right: 1em;\"><img loading=\"lazy\" decoding=\"async\" border=\"0\" data-original-height=\"195\" data-original-width=\"300\" height=\"416\" src=\"http:\/\/blogdoedvaldomagalhaes.com.br\/wp-content\/uploads\/2018\/08\/pedra.jpeg\" width=\"640\" \/><\/a><\/div>\n<div class=\"separator\" style=\"clear: both; text-align: center;\">\nFoto: Jabson Nunes\/Blog do Ney Lima<\/div>\n<p><\/p>\n<div class=\"post_text\" itemprop=\"description\" style=\"background-color: white; box-sizing: border-box;\">\n<div style=\"box-sizing: border-box; line-height: 24px; margin-bottom: 10px; text-align: justify;\">\nUm homem foi assassinado na manh\u00e3 deste s\u00e1bado (11), em Santa Cruz do Capibaribe, Agreste pernambucano. Paulo Jos\u00e9 Pereira, 34 anos, foi morto com pedradas na cabe\u00e7a, na rua Manoel Rodrigues Sobrinho.<\/div>\n<div style=\"box-sizing: border-box; line-height: 24px; margin-bottom: 10px; text-align: justify;\">\nA v\u00edtima residia na rua Professor Vlaudenice Arag\u00e3o Ara\u00fajo, no mesmo bairro, e tinha problemas com \u00e1lcool. A autoria do crime \u00e9 desconhecida.<\/div>\n<div style=\"box-sizing: border-box; line-height: 24px; margin-bottom: 10px; text-align: justify;\">\nO corpo de Paulo Jos\u00e9 foi encaminhado para o Instituto de Medicina Legal (IML) de Caruaru.<\/p>\n<p>Fonte: R\u00e1dio Liberdade.<\/p><\/div>\n<\/div>\n","protected":false},"excerpt":{"rendered":"<p>Foto: Jabson Nunes\/Blog do Ney Lima Um homem foi assassinado na manh\u00e3 deste s\u00e1bado (11), em Santa Cruz do Capibaribe,&hellip;<\/p>\n","protected":false},"author":1,"featured_media":0,"comment_status":"open","ping_status":"open","sticky":false,"template":"","format":"standard","meta":{"footnotes":""},"categories":[1],"tags":[2,1588,13],"class_list":["post-1578","post","type-post","status-publish","format-standard","hentry","category-sem-categoria","tag-blog-do-edvaldo-magalhaes","tag-homem-e-assassinado-com-pedradas-na-cabeca-em-santa-cruz-do-capibaribe","tag-policial"],"_links":{"self":[{"href":"https:\/\/blogdoedvaldomagalhaes.com.br\/index.php\/wp-json\/wp\/v2\/posts\/1578","targetHints":{"allow":["GET"]}}],"collection":[{"href":"https:\/\/blogdoedvaldomagalhaes.com.br\/index.php\/wp-json\/wp\/v2\/posts"}],"about":[{"href":"https:\/\/blogdoedvaldomagalhaes.com.br\/index.php\/wp-json\/wp\/v2\/types\/post"}],"author":[{"embeddable":true,"href":"https:\/\/blogdoedvaldomagalhaes.com.br\/index.php\/wp-json\/wp\/v2\/users\/1"}],"replies":[{"embeddable":true,"href":"https:\/\/blogdoedvaldomagalhaes.com.br\/index.php\/wp-json\/wp\/v2\/comments?post=1578"}],"version-history":[{"count":1,"href":"https:\/\/blogdoedvaldomagalhaes.com.br\/index.php\/wp-json\/wp\/v2\/posts\/1578\/revisions"}],"predecessor-version":[{"id":33342,"href":"https:\/\/blogdoedvaldomagalhaes.com.br\/index.php\/wp-json\/wp\/v2\/posts\/1578\/revisions\/33342"}],"wp:attachment":[{"href":"https:\/\/blogdoedvaldomagalhaes.com.br\/index.php\/wp-json\/wp\/v2\/media?parent=1578"}],"wp:term":[{"taxonomy":"category","embeddable":true,"href":"https:\/\/blogdoedvaldomagalhaes.com.br\/index.php\/wp-json\/wp\/v2\/categories?post=1578"},{"taxonomy":"post_tag","embeddable":true,"href":"https:\/\/blogdoedvaldomagalhaes.com.br\/index.php\/wp-json\/wp\/v2\/tags?post=1578"}],"curies":[{"name":"wp","href":"https:\/\/api.w.org\/{rel}","templated":true}]}}