{"id":1577,"date":"2018-08-12T12:34:00","date_gmt":"2018-08-12T15:34:00","guid":{"rendered":"http:\/\/blogdoedvaldomagalhaes.com.br\/index.php\/2018\/08\/12\/feliz-dia-dos-pais\/"},"modified":"2019-02-09T02:27:31","modified_gmt":"2019-02-09T04:27:31","slug":"feliz-dia-dos-pais","status":"publish","type":"post","link":"https:\/\/blogdoedvaldomagalhaes.com.br\/index.php\/2018\/08\/12\/feliz-dia-dos-pais\/","title":{"rendered":"Feliz Dia dos Pais"},"content":{"rendered":"<div class=\"separator\" style=\"clear: both; text-align: center;\">\n<a href=\"https:\/\/3.bp.blogspot.com\/-_4QG5doSMLI\/W3Ao21tz-RI\/AAAAAAAA4Dc\/ewKeFYB0ZK0dgf9rfZCqGlIC_xEFwhNOgCLcBGAs\/s1600\/IMG-20180812-WA0073.jpg\" imageanchor=\"1\" style=\"margin-left: 1em; margin-right: 1em;\"><img loading=\"lazy\" decoding=\"async\" border=\"0\" data-original-height=\"280\" data-original-width=\"480\" height=\"372\" src=\"http:\/\/blogdoedvaldomagalhaes.com.br\/wp-content\/uploads\/2018\/08\/IMG-20180812-WA0073.jpg\" width=\"640\" \/><\/a><\/div>\n<p><\/p>\n<div style=\"text-align: justify;\">\nDIA DOS PAIS&nbsp;<\/div>\n<div style=\"text-align: justify;\">\n<\/div>\n<div style=\"text-align: justify;\">\nO pai \u00e9 um homem de valor. A paternidade respons\u00e1vel \u00e9 uma das miss\u00f5es mais \u00e1rduas e mais nobres. Muitos homens alcan\u00e7am vit\u00f3rias expressivas na carreira profissionais, mas fracassam na fam\u00edlia. Ganham pr\u00eamios no mundo e perdem os filhos. Precisamos de pais que amem a Deus, cuidem dos filhos e velem pela fam\u00edlia. Que nos ajude a cumprir com fidelidade essa gloriosa miss\u00e3o da paternidade!<\/div>\n<div style=\"text-align: justify;\">\nHernandes Dias Lopes<\/p>\n<p><\/p>\n<div class=\"separator\" style=\"clear: both; text-align: center;\">\n<a href=\"https:\/\/2.bp.blogspot.com\/-k-LfbCFdgzs\/W3AtEPc7wdI\/AAAAAAAA4D0\/hTGDimgdVToHaTB8IllHTZ8SD9nJRESEgCLcBGAs\/s1600\/IMG-20180811-WA0147.jpg\" imageanchor=\"1\" style=\"margin-left: 1em; margin-right: 1em;\"><img loading=\"lazy\" decoding=\"async\" border=\"0\" data-original-height=\"927\" data-original-width=\"1195\" height=\"496\" src=\"http:\/\/blogdoedvaldomagalhaes.com.br\/wp-content\/uploads\/2018\/08\/IMG-20180811-WA0147.jpg\" width=\"640\" \/><\/a><\/div>\n<p>\nQue o amor que une um pai aos seus filhos seja sempre maior e mais belo do que tudo na vida. Bom domingo, em especial aos pais mesmos aqueles que est\u00e3o ausentes.<\/p>\n<div class=\"separator\" style=\"clear: both; text-align: center;\">\n<a href=\"https:\/\/2.bp.blogspot.com\/-mAKWNx2Hn2M\/W3A31wxdpXI\/AAAAAAAA4EA\/q1VQLd0X6WInd2I_dCbyrnyxDjEcQ_tWwCLcBGAs\/s1600\/IMG-20180812-WA0092.jpg\" imageanchor=\"1\" style=\"margin-left: 1em; margin-right: 1em;\"><img loading=\"lazy\" decoding=\"async\" border=\"0\" data-original-height=\"1080\" data-original-width=\"1080\" height=\"640\" src=\"http:\/\/blogdoedvaldomagalhaes.com.br\/wp-content\/uploads\/2018\/08\/IMG-20180812-WA0092.jpg\" width=\"640\" \/><\/a><\/div>\n<p>\nAprender a ser pai n\u00e3o \u00e9 tarefa f\u00e1cil nem acontece de um dia para outro. Mas tamb\u00e9m n\u00e3o h\u00e1 um jeito perfeito de ser pai.<\/p>\n<p>Pois o importante \u00e9 que haja amor, dedica\u00e7\u00e3o e honestidade. O que conta \u00e9 estar presente na vida dos filhos, \u00e9 lutar todos os dias pela felicidade deles. O que realmente faz de um homem um bom pai \u00e9 o amor incondicional que ele sente pelos seus filhos.<\/p>\n<p>Na verdade, aprender a ser pai \u00e9 aprender a amar algu\u00e9m mais que a si pr\u00f3prio, \u00e9 ser her\u00f3i e guerreiro e ter como \u00fanica recompensa o sorriso e o amor infinito dos filhos.<\/p>\n<p>Feliz dia dos pais<\/p>\n<div class=\"separator\" style=\"clear: both; text-align: center;\">\n<a href=\"https:\/\/1.bp.blogspot.com\/-j4YOq36njpc\/W3A9Z0hsE1I\/AAAAAAAA4EM\/91eqTZa1gaoRcPQAN6MOsY4cA4lF0vd6ACLcBGAs\/s1600\/FB_IMG_1534082274428.jpg\" imageanchor=\"1\" style=\"margin-left: 1em; margin-right: 1em;\"><img loading=\"lazy\" decoding=\"async\" border=\"0\" data-original-height=\"1080\" data-original-width=\"1080\" height=\"640\" src=\"http:\/\/blogdoedvaldomagalhaes.com.br\/wp-content\/uploads\/2018\/08\/FB_IMG_1534082274428.jpg\" width=\"640\" \/><\/a><\/div>\n<p>\nO pai meu<br \/>\nO pai seu<br \/>\nO pai nosso<br \/>\nTodos os pais.<br \/>\nOs que est\u00e3o no C\u00e9u<br \/>\nOs pais da Terra<br \/>\nOs de paz, os de guerra<br \/>\nO pai que assumiu<br \/>\nO pai que sumiu<br \/>\nO pai que voltou<br \/>\nO pai que voc\u00ea nunca viu<br \/>\nO pai que \u00e9 cego, o que v\u00ea demais<br \/>\nO pai que \u00e9 m\u00e3e, a m\u00e3e que \u00e9 pai<br \/>\nO pai que l\u00ea jornal, o pai que n\u00e3o l\u00ea nada<br \/>\nO pai brig\u00e3o, o pai que conta piada<br \/>\nO pai que a gente ajuda, o pai que d\u00e1 mesada<br \/>\nO pai elegante, o pai de camisa cavada<br \/>\nO pai viajante, o pai que n\u00e3o sai.<br \/>\nEm nome do seu,<br \/>\nDo meu, de todos.<br \/>\nEm nome do pai.<\/p>\n<p>Feliz DIA DOS PAIS !!!!<\/p>\n<div class=\"separator\" style=\"clear: both; text-align: center;\">\n<a href=\"https:\/\/1.bp.blogspot.com\/-agfV-wHlE-w\/W3Bx39jHC7I\/AAAAAAAA4Ec\/1XvcJGXtSd06I5RjM9v9Qu6tChmDS31WQCLcBGAs\/s1600\/FB_IMG_1534095571563.jpg\" imageanchor=\"1\" style=\"margin-left: 1em; margin-right: 1em;\"><img loading=\"lazy\" decoding=\"async\" border=\"0\" data-original-height=\"1080\" data-original-width=\"1080\" height=\"640\" src=\"http:\/\/blogdoedvaldomagalhaes.com.br\/wp-content\/uploads\/2018\/08\/FB_IMG_1534095571563.jpg\" width=\"640\" \/><\/a><\/div>\n<p>\nHoje toda homenagem vai ao nosso primeiro her\u00f3i e refer\u00eancia. Parab\u00e9ns a todos os Pais que transitam pelo mundo no seu dia a dia. #ColetivoTurismo #DiaDosPais #SeDeixeLevar<\/p>\n<div class=\"separator\" style=\"clear: both; text-align: center;\">\n<a href=\"https:\/\/1.bp.blogspot.com\/-5SWnQxwCMIs\/W3CrO6Kh3NI\/AAAAAAAA4Fk\/SHkIqjJuA1EJKpj-rUE1puEKuT_-UgT-ACLcBGAs\/s1600\/coletivo.jpg\" imageanchor=\"1\" style=\"margin-left: 1em; margin-right: 1em;\"><img loading=\"lazy\" decoding=\"async\" border=\"0\" data-original-height=\"928\" data-original-width=\"928\" height=\"640\" src=\"http:\/\/blogdoedvaldomagalhaes.com.br\/wp-content\/uploads\/2018\/08\/coletivo-2.jpg\" width=\"640\" \/><\/a><\/div>\n<p><\/p>\n<div>\n<\/div>\n<\/div>\n","protected":false},"excerpt":{"rendered":"<p>DIA DOS PAIS&nbsp; O pai \u00e9 um homem de valor. A paternidade respons\u00e1vel \u00e9 uma das miss\u00f5es mais \u00e1rduas e&hellip;<\/p>\n","protected":false},"author":1,"featured_media":0,"comment_status":"open","ping_status":"open","sticky":false,"template":"","format":"standard","meta":{"footnotes":""},"categories":[1],"tags":[2,1587,6],"class_list":["post-1577","post","type-post","status-publish","format-standard","hentry","category-sem-categoria","tag-blog-do-edvaldo-magalhaes","tag-feliz-dia-dos-pais","tag-noticias"],"_links":{"self":[{"href":"https:\/\/blogdoedvaldomagalhaes.com.br\/index.php\/wp-json\/wp\/v2\/posts\/1577","targetHints":{"allow":["GET"]}}],"collection":[{"href":"https:\/\/blogdoedvaldomagalhaes.com.br\/index.php\/wp-json\/wp\/v2\/posts"}],"about":[{"href":"https:\/\/blogdoedvaldomagalhaes.com.br\/index.php\/wp-json\/wp\/v2\/types\/post"}],"author":[{"embeddable":true,"href":"https:\/\/blogdoedvaldomagalhaes.com.br\/index.php\/wp-json\/wp\/v2\/users\/1"}],"replies":[{"embeddable":true,"href":"https:\/\/blogdoedvaldomagalhaes.com.br\/index.php\/wp-json\/wp\/v2\/comments?post=1577"}],"version-history":[{"count":1,"href":"https:\/\/blogdoedvaldomagalhaes.com.br\/index.php\/wp-json\/wp\/v2\/posts\/1577\/revisions"}],"predecessor-version":[{"id":33349,"href":"https:\/\/blogdoedvaldomagalhaes.com.br\/index.php\/wp-json\/wp\/v2\/posts\/1577\/revisions\/33349"}],"wp:attachment":[{"href":"https:\/\/blogdoedvaldomagalhaes.com.br\/index.php\/wp-json\/wp\/v2\/media?parent=1577"}],"wp:term":[{"taxonomy":"category","embeddable":true,"href":"https:\/\/blogdoedvaldomagalhaes.com.br\/index.php\/wp-json\/wp\/v2\/categories?post=1577"},{"taxonomy":"post_tag","embeddable":true,"href":"https:\/\/blogdoedvaldomagalhaes.com.br\/index.php\/wp-json\/wp\/v2\/tags?post=1577"}],"curies":[{"name":"wp","href":"https:\/\/api.w.org\/{rel}","templated":true}]}}