{"id":1576,"date":"2018-08-12T12:48:00","date_gmt":"2018-08-12T15:48:00","guid":{"rendered":"http:\/\/blogdoedvaldomagalhaes.com.br\/index.php\/2018\/08\/12\/raquel-lyra-declara-apoio-priscila\/"},"modified":"2019-02-09T02:27:32","modified_gmt":"2019-02-09T04:27:32","slug":"raquel-lyra-declara-apoio-priscila","status":"publish","type":"post","link":"https:\/\/blogdoedvaldomagalhaes.com.br\/index.php\/2018\/08\/12\/raquel-lyra-declara-apoio-priscila\/","title":{"rendered":"Raquel Lyra declara apoio a Priscila Krause e Daniel Coelho"},"content":{"rendered":"<div class=\"separator\" style=\"clear: both; text-align: center;\">\n<a href=\"https:\/\/2.bp.blogspot.com\/-WABEuLJDy6A\/W3AqiSBQxEI\/AAAAAAAA4Do\/nukVTv-ESD4wZfWTJILpSoXm9UFqWyTogCLcBGAs\/s1600\/IMG-20180811-WA0150.jpg\" imageanchor=\"1\" style=\"margin-left: 1em; margin-right: 1em;\"><img loading=\"lazy\" decoding=\"async\" border=\"0\" data-original-height=\"879\" data-original-width=\"1334\" height=\"420\" src=\"http:\/\/blogdoedvaldomagalhaes.com.br\/wp-content\/uploads\/2018\/08\/IMG-20180811-WA0150.jpg\" width=\"640\" \/><\/a><\/div>\n<div style=\"text-align: justify;\">\n<\/div>\n<div style=\"text-align: justify;\">\nNesse s\u00e1bado (11), a prefeita de Caruaru, Raquel Lyra (PSDB), anunciou apoio \u00e0s candidaturas de Priscila Krause (DEM), a deputada estadual, e Daniel Coelho (PPS), como federal. &nbsp;\u201cHoje, a gente apresenta os nossos dois candidatos a deputado estadual e federal, Priscila e Daniel, que j\u00e1 t\u00eam mandato e uma larga experi\u00eancia na pol\u00edtica. Ambos t\u00eam uma trajet\u00f3ria marcada pela postura, pela coer\u00eancia, pela firmeza, por n\u00e3o se dobrarem ao discurso f\u00e1cil. Eles v\u00e3o representar Caruaru, na Assembleia Legislativa e na C\u00e2mara dos Deputados, para ajudar nossa cidade a crescer de forma estruturada e dando oportunidade aos nossos jovens\u201d, explicou a prefeita.<\/p>\n<div class=\"separator\" style=\"clear: both; text-align: center;\">\n<a href=\"https:\/\/3.bp.blogspot.com\/-DsVtmIWIPOA\/W3Cqu5fZJ_I\/AAAAAAAA4FY\/S4ERktaLfxghCWsbZlREiMRvzR3Ql2MeACLcBGAs\/s1600\/raqu%25C3%25A9.jpg\" imageanchor=\"1\" style=\"margin-left: 1em; margin-right: 1em;\"><img loading=\"lazy\" decoding=\"async\" border=\"0\" data-original-height=\"1065\" data-original-width=\"1600\" height=\"426\" src=\"http:\/\/blogdoedvaldomagalhaes.com.br\/wp-content\/uploads\/2018\/08\/raquC3A9.jpg\" width=\"640\" \/><\/a><\/div>\n<p><\/div>\n<div style=\"text-align: justify;\">\nPara o candidato a uma vaga na C\u00e2mara dos Deputados, Daniel Coelho, essa alian\u00e7a representa uma uni\u00e3o de gera\u00e7\u00f5es que t\u00eam como compromisso melhorar, de fato, a vida das pessoas. \u201cA gente admira muito o trabalho de Raquel. Uma prefeita que est\u00e1 tendo coragem de fazer uma pol\u00edtica nova, diferente, colocando educa\u00e7\u00e3o como prioridade de um governo, que est\u00e1 mudando a hist\u00f3ria de toda uma gera\u00e7\u00e3o\u201d, completou. Ele refor\u00e7ou, ainda, que vai se esfor\u00e7ar para destravar projetos importantes para a cidade no Congresso Nacional. \u201cVamos andar os quatro cantos de Caruaru, ouvindo a popula\u00e7\u00e3o, vendo suas necessidades e ajudar a destravar os projetos importantes para a cidade. Al\u00e9m de, claro, enviar recursos para o munic\u00edpio, porque a gente est\u00e1 observando, na pr\u00e1tica, que cada centavo que est\u00e1 chegando a Caruaru est\u00e1 sendo bem empregado por uma gest\u00e3o competente e eficiente\u201d, concluiu.<\/p>\n<\/div>\n<div style=\"text-align: justify;\">\n<div class=\"separator\" style=\"clear: both; text-align: center;\">\n<a href=\"https:\/\/3.bp.blogspot.com\/-XroMMQI3_Rc\/W3Cn8kCsd6I\/AAAAAAAA4E0\/wk2-cAW_FYIs6Z_L6g-0EpB3Y_89jBP4wCLcBGAs\/s1600\/ela.jpg\" imageanchor=\"1\" style=\"margin-left: 1em; margin-right: 1em;\"><img loading=\"lazy\" decoding=\"async\" border=\"0\" data-original-height=\"440\" data-original-width=\"660\" height=\"426\" src=\"http:\/\/blogdoedvaldomagalhaes.com.br\/wp-content\/uploads\/2018\/08\/ela-1.jpg\" width=\"640\" \/><\/a><\/div>\n<p><\/div>\n<div style=\"text-align: justify;\">\nPriscila Krause, que concorre a mais um mandato na Assembleia Legislativa de Pernambuco, fala da responsabilidade em assumir esse compromisso com o povo da Capital do Agreste. \u201cCaruaru \u00e9 importante n\u00e3o s\u00f3 para a regi\u00e3o Agreste, mas para Pernambuco e para o Brasil, pois Caruaru leva o nome de Pernambuco para o mundo. A cidade tem um significado \u00fanico no mundo inteiro, por sua import\u00e2ncia para o desenvolvimento econ\u00f4mico da regi\u00e3o e na pol\u00edtica nacional. \u00c9 uma responsabilidade muito grande assumir esse compromisso e eu assumo com a tranquilidade de quem tem disposi\u00e7\u00e3o para trabalhar, responsabilidade com a representa\u00e7\u00e3o pol\u00edtica, mas com a inquieta\u00e7\u00e3o de quem quer fazer jus \u00e0 confian\u00e7a de Raquel, que representa aquilo que eu acredito na pol\u00edtica, com efici\u00eancia, inova\u00e7\u00e3o e proximidade com a popula\u00e7\u00e3o\u201d, frisou.<\/p>\n<\/div>\n<div style=\"text-align: justify;\">\n<div class=\"separator\" style=\"clear: both; text-align: center;\">\n<a href=\"https:\/\/3.bp.blogspot.com\/-sGDvskbaAc0\/W3CqO8kbeFI\/AAAAAAAA4FI\/y01KIZL3fuQaRe1_GcSawzi8kg-VDo6gQCLcBGAs\/s1600\/jo%25C3%25A3o.jpg\" imageanchor=\"1\" style=\"margin-left: 1em; margin-right: 1em;\"><img loading=\"lazy\" decoding=\"async\" border=\"0\" data-original-height=\"1067\" data-original-width=\"1600\" height=\"426\" src=\"http:\/\/blogdoedvaldomagalhaes.com.br\/wp-content\/uploads\/2018\/08\/joC3A3o.jpg\" width=\"640\" \/><\/a><\/div>\n<p><\/div>\n<div style=\"text-align: justify;\">\nO ex-governador Jo\u00e3o Lyra Neto (PSDB) elogiou a escolha de Raquel em apoiar os parlamentares. \u201cDois pol\u00edticos que, apesar de jovens, s\u00e3o compromissados, competentes e n\u00e3o admitem os atos de desonestidade e corrup\u00e7\u00e3o instalados no Brasil. Certeza de que ter\u00e3o um compromisso com Caruaru. Uma decis\u00e3o correta da prefeita Raquel Lyra\u201d, enalteceu.<\/p>\n<\/div>\n<div style=\"text-align: justify;\">\n<div class=\"separator\" style=\"clear: both; text-align: center;\">\n<a href=\"https:\/\/1.bp.blogspot.com\/-uIXPQveQLd4\/W3Cqa0F171I\/AAAAAAAA4FM\/SZoyx9HlfzIXiyCA46_Hh9BTZz1FfGoogCLcBGAs\/s1600\/povo.jpg\" imageanchor=\"1\" style=\"margin-left: 1em; margin-right: 1em;\"><img loading=\"lazy\" decoding=\"async\" border=\"0\" data-original-height=\"1067\" data-original-width=\"1600\" height=\"426\" src=\"http:\/\/blogdoedvaldomagalhaes.com.br\/wp-content\/uploads\/2018\/08\/povo.jpg\" width=\"640\" \/><\/a><\/div>\n<p><\/div>\n<div style=\"text-align: justify;\">\nO ato reuniu lideran\u00e7as pol\u00edticas, militantes e apoiadores, al\u00e9m do ex-governador Jo\u00e3o Lyra Neto; o vice-prefeito Rodrigo Pinheiro; secret\u00e1rios municipais; e os vereadores Leonardo Chaves, l\u00edder do Governo na C\u00e2mara, \u00cdtalo Henrique, Duda do Vassoural, Pierson Leite, Edmilson do Salgado e Rozael do Divin\u00f3polis.<\/div>\n","protected":false},"excerpt":{"rendered":"<p>Nesse s\u00e1bado (11), a prefeita de Caruaru, Raquel Lyra (PSDB), anunciou apoio \u00e0s candidaturas de Priscila Krause (DEM), a deputada&hellip;<\/p>\n","protected":false},"author":1,"featured_media":0,"comment_status":"open","ping_status":"open","sticky":false,"template":"","format":"standard","meta":{"footnotes":""},"categories":[1],"tags":[2,20,1586],"class_list":["post-1576","post","type-post","status-publish","format-standard","hentry","category-sem-categoria","tag-blog-do-edvaldo-magalhaes","tag-politica","tag-raquel-lyra-declara-apoio-a-priscila-krause-e-daniel-coelho"],"_links":{"self":[{"href":"https:\/\/blogdoedvaldomagalhaes.com.br\/index.php\/wp-json\/wp\/v2\/posts\/1576","targetHints":{"allow":["GET"]}}],"collection":[{"href":"https:\/\/blogdoedvaldomagalhaes.com.br\/index.php\/wp-json\/wp\/v2\/posts"}],"about":[{"href":"https:\/\/blogdoedvaldomagalhaes.com.br\/index.php\/wp-json\/wp\/v2\/types\/post"}],"author":[{"embeddable":true,"href":"https:\/\/blogdoedvaldomagalhaes.com.br\/index.php\/wp-json\/wp\/v2\/users\/1"}],"replies":[{"embeddable":true,"href":"https:\/\/blogdoedvaldomagalhaes.com.br\/index.php\/wp-json\/wp\/v2\/comments?post=1576"}],"version-history":[{"count":1,"href":"https:\/\/blogdoedvaldomagalhaes.com.br\/index.php\/wp-json\/wp\/v2\/posts\/1576\/revisions"}],"predecessor-version":[{"id":33355,"href":"https:\/\/blogdoedvaldomagalhaes.com.br\/index.php\/wp-json\/wp\/v2\/posts\/1576\/revisions\/33355"}],"wp:attachment":[{"href":"https:\/\/blogdoedvaldomagalhaes.com.br\/index.php\/wp-json\/wp\/v2\/media?parent=1576"}],"wp:term":[{"taxonomy":"category","embeddable":true,"href":"https:\/\/blogdoedvaldomagalhaes.com.br\/index.php\/wp-json\/wp\/v2\/categories?post=1576"},{"taxonomy":"post_tag","embeddable":true,"href":"https:\/\/blogdoedvaldomagalhaes.com.br\/index.php\/wp-json\/wp\/v2\/tags?post=1576"}],"curies":[{"name":"wp","href":"https:\/\/api.w.org\/{rel}","templated":true}]}}