{"id":1575,"date":"2018-08-12T17:57:00","date_gmt":"2018-08-12T20:57:00","guid":{"rendered":"http:\/\/blogdoedvaldomagalhaes.com.br\/index.php\/2018\/08\/12\/ex-presidiario-assassinado-na-zona\/"},"modified":"2019-02-09T02:27:33","modified_gmt":"2019-02-09T04:27:33","slug":"ex-presidiario-assassinado-na-zona","status":"publish","type":"post","link":"https:\/\/blogdoedvaldomagalhaes.com.br\/index.php\/2018\/08\/12\/ex-presidiario-assassinado-na-zona\/","title":{"rendered":"Ex-presidi\u00e1rio assassinado na zona rural de Caruaru neste domingo (12)"},"content":{"rendered":"<div class=\"separator\" style=\"clear: both; text-align: center;\">\n<a href=\"https:\/\/4.bp.blogspot.com\/-Ezop8MjR2mk\/W3B0Q71WhKI\/AAAAAAAA4Eo\/eBtu3K0XfQQ3vQSAoHjDiIltdCss6c3awCLcBGAs\/s1600\/IMG-20180812-WA0204.jpg\" imageanchor=\"1\" style=\"margin-left: 1em; margin-right: 1em;\"><img loading=\"lazy\" decoding=\"async\" border=\"0\" data-original-height=\"585\" data-original-width=\"1040\" height=\"360\" src=\"http:\/\/blogdoedvaldomagalhaes.com.br\/wp-content\/uploads\/2018\/08\/IMG-20180812-WA0204.jpg\" width=\"640\" \/><\/a><\/div>\n<div style=\"text-align: justify;\">\n<div style=\"text-align: center;\">\nFoto: Renan da Funer\u00e1ria<\/div>\n<div style=\"text-align: center;\">\n<\/div>\n<p>O Ex-presidi\u00e1rio Bruno Jos\u00e9 da Silva, conhecido por Bruno Ca\u00e7arola, 28 anos, foi assassinado dentro da casa de uma tia no s\u00edtio Cachoeira Seca, zona rural de Caruaru, neste domingo (12). Segundo informa\u00e7\u00f5es, ele estava foragido do pres\u00eddio de Cantinho.<\/p><\/div>\n<div style=\"text-align: justify;\">\n<div class=\"separator\" style=\"clear: both; text-align: center;\">\n<a href=\"https:\/\/1.bp.blogspot.com\/-ALTWlIDmWbM\/W3Codk-PWcI\/AAAAAAAA4E8\/37DoSB2ACFMXDHeW8ZS8v1LgvR9T571XgCLcBGAs\/s1600\/ele.jpg\" imageanchor=\"1\" style=\"margin-left: 1em; margin-right: 1em;\"><img loading=\"lazy\" decoding=\"async\" border=\"0\" data-original-height=\"432\" data-original-width=\"696\" height=\"392\" src=\"http:\/\/blogdoedvaldomagalhaes.com.br\/wp-content\/uploads\/2018\/08\/ele-3.jpg\" width=\"640\" \/><\/a><\/div>\n<div class=\"separator\" style=\"clear: both; text-align: center;\">\nFoto: WhatsApp\/Cortesia<\/div>\n<\/div>\n<div style=\"text-align: justify;\">\n<div class=\"separator\" style=\"clear: both; text-align: center;\">\n<a href=\"https:\/\/1.bp.blogspot.com\/-6ZyVTcQmhEA\/W3C2nvXxlyI\/AAAAAAAA4Gk\/0Sie-A2OPF89lt-qoKgu4vwLBa0QD6RrwCLcBGAs\/s1600\/IMG-20180812-WA0246.jpg\" imageanchor=\"1\" style=\"margin-left: 1em; margin-right: 1em;\"><img loading=\"lazy\" decoding=\"async\" border=\"0\" data-original-height=\"960\" data-original-width=\"720\" height=\"640\" src=\"http:\/\/blogdoedvaldomagalhaes.com.br\/wp-content\/uploads\/2018\/08\/IMG-20180812-WA0246.jpg\" width=\"480\" \/><\/a><\/div>\n<p><\/p>\n<div class=\"post_text\" itemprop=\"description\" style=\"background-color: white; box-sizing: border-box; text-align: start;\">\n<div style=\"box-sizing: border-box; line-height: 24px; margin-bottom: 10px; text-align: justify;\">\nDe acordo com informa\u00e7\u00f5es de familiares, Bruno Jos\u00e9 estava na casa da tia h\u00e1 tr\u00eas dias. Ele foi morto por um homem que chegou na garupa de uma moto.<\/div>\n<div style=\"box-sizing: border-box; line-height: 24px; margin-bottom: 10px; text-align: justify;\">\nO corpo foi encaminhado para o Instituto de Medicina Legal (IML). Este foi o primeiro homic\u00eddio do m\u00eas de agosto em Caruaru. Neste ano de 2018 s\u00e3o 112 assassinatos.<\/div>\n<div style=\"box-sizing: border-box; color: black; font-family: Lato, sans-serif; font-size: 13px; line-height: 24px; margin-bottom: 10px; text-align: justify;\">\n<\/div>\n<\/div>\n<div class=\"separator\" style=\"clear: both; text-align: center;\">\n<a href=\"https:\/\/4.bp.blogspot.com\/-JGr3eVzrwzM\/W3C2syvewpI\/AAAAAAAA4Go\/ux37QXNVBbE5gA2LywyBZl2Y2IRos5I_ACLcBGAs\/s1600\/IMG-20180812-WA0245.jpg\" imageanchor=\"1\" style=\"margin-left: 1em; margin-right: 1em;\"><img loading=\"lazy\" decoding=\"async\" border=\"0\" data-original-height=\"960\" data-original-width=\"720\" height=\"640\" src=\"http:\/\/blogdoedvaldomagalhaes.com.br\/wp-content\/uploads\/2018\/08\/IMG-20180812-WA0245.jpg\" width=\"480\" \/><\/a><\/div>\n<p><\/div>\n","protected":false},"excerpt":{"rendered":"<p>Foto: Renan da Funer\u00e1ria O Ex-presidi\u00e1rio Bruno Jos\u00e9 da Silva, conhecido por Bruno Ca\u00e7arola, 28 anos, foi assassinado dentro da&hellip;<\/p>\n","protected":false},"author":1,"featured_media":0,"comment_status":"open","ping_status":"open","sticky":false,"template":"","format":"standard","meta":{"footnotes":""},"categories":[1],"tags":[2,1585,13],"class_list":["post-1575","post","type-post","status-publish","format-standard","hentry","category-sem-categoria","tag-blog-do-edvaldo-magalhaes","tag-ex-presidiario-assassinado-na-zona-rural-de-caruaru-neste-domingo-12","tag-policial"],"_links":{"self":[{"href":"https:\/\/blogdoedvaldomagalhaes.com.br\/index.php\/wp-json\/wp\/v2\/posts\/1575","targetHints":{"allow":["GET"]}}],"collection":[{"href":"https:\/\/blogdoedvaldomagalhaes.com.br\/index.php\/wp-json\/wp\/v2\/posts"}],"about":[{"href":"https:\/\/blogdoedvaldomagalhaes.com.br\/index.php\/wp-json\/wp\/v2\/types\/post"}],"author":[{"embeddable":true,"href":"https:\/\/blogdoedvaldomagalhaes.com.br\/index.php\/wp-json\/wp\/v2\/users\/1"}],"replies":[{"embeddable":true,"href":"https:\/\/blogdoedvaldomagalhaes.com.br\/index.php\/wp-json\/wp\/v2\/comments?post=1575"}],"version-history":[{"count":1,"href":"https:\/\/blogdoedvaldomagalhaes.com.br\/index.php\/wp-json\/wp\/v2\/posts\/1575\/revisions"}],"predecessor-version":[{"id":33360,"href":"https:\/\/blogdoedvaldomagalhaes.com.br\/index.php\/wp-json\/wp\/v2\/posts\/1575\/revisions\/33360"}],"wp:attachment":[{"href":"https:\/\/blogdoedvaldomagalhaes.com.br\/index.php\/wp-json\/wp\/v2\/media?parent=1575"}],"wp:term":[{"taxonomy":"category","embeddable":true,"href":"https:\/\/blogdoedvaldomagalhaes.com.br\/index.php\/wp-json\/wp\/v2\/categories?post=1575"},{"taxonomy":"post_tag","embeddable":true,"href":"https:\/\/blogdoedvaldomagalhaes.com.br\/index.php\/wp-json\/wp\/v2\/tags?post=1575"}],"curies":[{"name":"wp","href":"https:\/\/api.w.org\/{rel}","templated":true}]}}