{"id":1574,"date":"2018-08-12T22:59:00","date_gmt":"2018-08-13T01:59:00","guid":{"rendered":"http:\/\/blogdoedvaldomagalhaes.com.br\/index.php\/2018\/08\/12\/tecnico-claudinei-oliveira-deixa-o-spor\/"},"modified":"2019-02-09T02:27:33","modified_gmt":"2019-02-09T04:27:33","slug":"tecnico-claudinei-oliveira-deixa-o-spor","status":"publish","type":"post","link":"https:\/\/blogdoedvaldomagalhaes.com.br\/index.php\/2018\/08\/12\/tecnico-claudinei-oliveira-deixa-o-spor\/","title":{"rendered":"T\u00e9cnico Claudinei Oliveira deixa o Sport"},"content":{"rendered":"<div class=\"separator\" style=\"clear: both; text-align: center;\">\n<a href=\"https:\/\/2.bp.blogspot.com\/-18hw_BmE1nA\/W3C7PGi9eGI\/AAAAAAAA4G4\/TpzCfkW_EjEv3Wpg_oltbrrmnOL6mLkHwCLcBGAs\/s1600\/claudinei.jpg\" imageanchor=\"1\" style=\"margin-left: 1em; margin-right: 1em;\"><img loading=\"lazy\" decoding=\"async\" border=\"0\" data-original-height=\"635\" data-original-width=\"960\" height=\"422\" src=\"http:\/\/blogdoedvaldomagalhaes.com.br\/wp-content\/uploads\/2018\/08\/claudinei.jpg\" width=\"640\" \/><\/a><\/div>\n<div class=\"separator\" style=\"clear: both; text-align: center;\">\nFoto: Genival Fernande (Paparazzi)<\/div>\n<div style=\"text-align: justify;\">\n<\/div>\n<div style=\"text-align: justify;\">\nClaudinei Oliveira n\u00e3o \u00e9 mais t\u00e9cnico do Sport. O paulista de 48 anos entregou o cargo logo ap\u00f3s a derrota para o S\u00e3o Paulo, por 3\u00d71, neste domingo, na Ilha do Retiro, pela 18\u00aa rodada do Brasileir\u00e3o.<\/div>\n<div style=\"text-align: justify;\">\n<\/div>\n<div style=\"text-align: justify;\">\nClaudinei se despede do Sport com um aproveitamento de 39,5% em 16 rodadas do Campeonato Brasileiro, sendo cinco vit\u00f3rias, quatro empates e sete derrotas. O motivo principal da demiss\u00e3o, no entanto, foi a sequ\u00eancia de oito partidas seguidas sem vit\u00f3ria.<\/div>\n","protected":false},"excerpt":{"rendered":"<p>Foto: Genival Fernande (Paparazzi) Claudinei Oliveira n\u00e3o \u00e9 mais t\u00e9cnico do Sport. O paulista de 48 anos entregou o cargo&hellip;<\/p>\n","protected":false},"author":1,"featured_media":0,"comment_status":"open","ping_status":"open","sticky":false,"template":"","format":"standard","meta":{"footnotes":""},"categories":[1],"tags":[2,3,1584],"class_list":["post-1574","post","type-post","status-publish","format-standard","hentry","category-sem-categoria","tag-blog-do-edvaldo-magalhaes","tag-futebol","tag-tecnico-claudinei-oliveira-deixa-o-sport"],"_links":{"self":[{"href":"https:\/\/blogdoedvaldomagalhaes.com.br\/index.php\/wp-json\/wp\/v2\/posts\/1574","targetHints":{"allow":["GET"]}}],"collection":[{"href":"https:\/\/blogdoedvaldomagalhaes.com.br\/index.php\/wp-json\/wp\/v2\/posts"}],"about":[{"href":"https:\/\/blogdoedvaldomagalhaes.com.br\/index.php\/wp-json\/wp\/v2\/types\/post"}],"author":[{"embeddable":true,"href":"https:\/\/blogdoedvaldomagalhaes.com.br\/index.php\/wp-json\/wp\/v2\/users\/1"}],"replies":[{"embeddable":true,"href":"https:\/\/blogdoedvaldomagalhaes.com.br\/index.php\/wp-json\/wp\/v2\/comments?post=1574"}],"version-history":[{"count":1,"href":"https:\/\/blogdoedvaldomagalhaes.com.br\/index.php\/wp-json\/wp\/v2\/posts\/1574\/revisions"}],"predecessor-version":[{"id":33362,"href":"https:\/\/blogdoedvaldomagalhaes.com.br\/index.php\/wp-json\/wp\/v2\/posts\/1574\/revisions\/33362"}],"wp:attachment":[{"href":"https:\/\/blogdoedvaldomagalhaes.com.br\/index.php\/wp-json\/wp\/v2\/media?parent=1574"}],"wp:term":[{"taxonomy":"category","embeddable":true,"href":"https:\/\/blogdoedvaldomagalhaes.com.br\/index.php\/wp-json\/wp\/v2\/categories?post=1574"},{"taxonomy":"post_tag","embeddable":true,"href":"https:\/\/blogdoedvaldomagalhaes.com.br\/index.php\/wp-json\/wp\/v2\/tags?post=1574"}],"curies":[{"name":"wp","href":"https:\/\/api.w.org\/{rel}","templated":true}]}}