{"id":1573,"date":"2018-08-13T10:15:00","date_gmt":"2018-08-13T13:15:00","guid":{"rendered":"http:\/\/blogdoedvaldomagalhaes.com.br\/index.php\/2018\/08\/13\/abertas-inscricoes-para-seminario-sobre\/"},"modified":"2019-02-09T02:27:34","modified_gmt":"2019-02-09T04:27:34","slug":"abertas-inscricoes-para-seminario-sobre","status":"publish","type":"post","link":"https:\/\/blogdoedvaldomagalhaes.com.br\/index.php\/2018\/08\/13\/abertas-inscricoes-para-seminario-sobre\/","title":{"rendered":"Abertas inscri\u00e7\u00f5es para Semin\u00e1rio sobre a \u2018Diversidade Sexual \u00e0 Luz da Psican\u00e1lise\u2019 em Caruaru"},"content":{"rendered":"<div class=\"separator\" style=\"clear: both; text-align: center;\">\n<a href=\"https:\/\/2.bp.blogspot.com\/-DPZYtI3R6j0\/W3FaDQ2oxVI\/AAAAAAAA4HI\/NTXWfU-YfvkRt5AxtCkvvkUg3WoeR30CQCLcBGAs\/s1600\/1.jpg\" imageanchor=\"1\" style=\"margin-left: 1em; margin-right: 1em;\"><img loading=\"lazy\" decoding=\"async\" border=\"0\" data-original-height=\"960\" data-original-width=\"960\" height=\"640\" src=\"http:\/\/blogdoedvaldomagalhaes.com.br\/wp-content\/uploads\/2018\/08\/1-7.jpg\" width=\"640\" \/><\/a><\/div>\n<div style=\"text-align: justify;\">\n<\/div>\n<div style=\"text-align: justify;\">\nEst\u00e3o abertas as inscri\u00e7\u00f5es para participar do Semin\u00e1rio \u201cA Diversidade Sexual \u00e0 Luz da Psican\u00e1lise\u201d, com o palestrante e escritor, Adeilson Salles, com mais de 80 livros publicados em todo o Brasil. O evento \u00e9 promovido pela Escola de Psican\u00e1lise Caruaru, local onde ele \u00e9 cursista.&nbsp;<\/div>\n<div style=\"text-align: justify;\">\n<\/div>\n<div style=\"text-align: justify;\">\n\u201cO encontro ser\u00e1 importante para auxiliar de maneira geral as pessoas a lidarem com a diversidade sexual, a partir do pr\u00f3prio lar na aceita\u00e7\u00e3o e compreens\u00e3o. Muitos Homoafetivos e Transg\u00eaneros n\u00e3o s\u00e3o aceitos pela fam\u00edlia e infelizmente, chegam a ter depress\u00e3o e acabam tirando sua pr\u00f3pria vida. Abordar um tema como esse faz levar uma mensagem de amor e acolhimento\u201d, afirma Adeilson Salles.&nbsp;<\/div>\n<div style=\"text-align: justify;\">\n<\/div>\n<div style=\"text-align: justify;\">\nAs inscri\u00e7\u00f5es podem ser feitas atrav\u00e9s do endere\u00e7o eletr\u00f4nico: contato.epc@hotmail.com&nbsp; o participante dever\u00e1 enviar o seu nome completo e telefone; colocar o t\u00edtulo \u201cInscri\u00e7\u00e3o Semin\u00e1rio\u201d no assunto do e-mail e aguardar a confirma\u00e7\u00e3o.&nbsp; Ou pode fazer presencialmente no Empresarial e Centro M\u00e9dico Dr. Jo\u00e3o Farias, localizado na Avenida Dom Bosco, 125, no Bairro Maur\u00edcio de Nassau em Caruaru (PE), at\u00e9 a quarta-feira (15) das 14h30 \u00e0s 18h, mesma Rua do Col\u00e9gio Estadual.&nbsp;<\/div>\n<div style=\"text-align: justify;\">\n<\/div>\n<div style=\"text-align: justify;\">\nO acesso \u00e9 de R$ 20,00 (inteira) ou R$ 15,00 + 1 kg de alimento n\u00e3o perec\u00edvel (entrada social). O Semin\u00e1rio ser\u00e1 realizado na pr\u00f3xima quarta-feira (15), \u00e0s 19h no Empresarial Trade Center, piso G1, sala 10, localizado na Avenida Oswaldo Cruz, 217, Bairro Maur\u00edcio de Nassau. As vagas s\u00e3o limitadas.&nbsp;<\/div>\n<div style=\"text-align: justify;\">\n<\/div>\n<div style=\"text-align: justify;\">\nToda renda l\u00edquida do Semin\u00e1rio ser\u00e1 revertida para o N\u00facleo de Apoio \u00e0 vida de Caruaru (NAVIC) que cuida da sa\u00fade mental e do bem estar das pessoas. Os alimentos ser\u00e3o doados \u00e0 Casa de Aux\u00edlio Maria de Nazar\u00e9, no Bairro Cidade Jardim, em Caruaru.&nbsp;<\/div>\n<div style=\"text-align: justify;\">\n<\/div>\n<div style=\"text-align: justify;\">\n<b>SOBRE O PALESTRANTE&nbsp;<\/b><\/div>\n<div style=\"text-align: justify;\">\n<\/div>\n<div style=\"text-align: justify;\">\nAdeilson Salles \u00e9 natural do Guaruj\u00e1, litoral de S\u00e3o Paulo. \u00c9 escritor de mais de 80 livros para o p\u00fablico em todas as idades: crian\u00e7as, jovens e adultos. O reconhecimento de seu trabalho \u00e9 observado na participa\u00e7\u00e3o constante nas Bienais mais importantes do Brasil em diversos Estados, assim como nas principais feiras do livro do pa\u00eds. Algumas de suas obras j\u00e1 foram traduzidas para o ingl\u00eas e o espanhol. Adeilson \u00e9 cursista na Escola de Psican\u00e1lise Caruaru.&nbsp;<\/div>\n<div style=\"text-align: justify;\">\n<\/div>\n","protected":false},"excerpt":{"rendered":"<p>Est\u00e3o abertas as inscri\u00e7\u00f5es para participar do Semin\u00e1rio \u201cA Diversidade Sexual \u00e0 Luz da Psican\u00e1lise\u201d, com o palestrante e escritor,&hellip;<\/p>\n","protected":false},"author":1,"featured_media":0,"comment_status":"open","ping_status":"open","sticky":false,"template":"","format":"standard","meta":{"footnotes":""},"categories":[1],"tags":[1583,2,6],"class_list":["post-1573","post","type-post","status-publish","format-standard","hentry","category-sem-categoria","tag-abertas-inscricoes-para-seminario-sobre-a-diversidade-sexual-a-luz-da-psicanalise-em-caruaru","tag-blog-do-edvaldo-magalhaes","tag-noticias"],"_links":{"self":[{"href":"https:\/\/blogdoedvaldomagalhaes.com.br\/index.php\/wp-json\/wp\/v2\/posts\/1573","targetHints":{"allow":["GET"]}}],"collection":[{"href":"https:\/\/blogdoedvaldomagalhaes.com.br\/index.php\/wp-json\/wp\/v2\/posts"}],"about":[{"href":"https:\/\/blogdoedvaldomagalhaes.com.br\/index.php\/wp-json\/wp\/v2\/types\/post"}],"author":[{"embeddable":true,"href":"https:\/\/blogdoedvaldomagalhaes.com.br\/index.php\/wp-json\/wp\/v2\/users\/1"}],"replies":[{"embeddable":true,"href":"https:\/\/blogdoedvaldomagalhaes.com.br\/index.php\/wp-json\/wp\/v2\/comments?post=1573"}],"version-history":[{"count":1,"href":"https:\/\/blogdoedvaldomagalhaes.com.br\/index.php\/wp-json\/wp\/v2\/posts\/1573\/revisions"}],"predecessor-version":[{"id":33364,"href":"https:\/\/blogdoedvaldomagalhaes.com.br\/index.php\/wp-json\/wp\/v2\/posts\/1573\/revisions\/33364"}],"wp:attachment":[{"href":"https:\/\/blogdoedvaldomagalhaes.com.br\/index.php\/wp-json\/wp\/v2\/media?parent=1573"}],"wp:term":[{"taxonomy":"category","embeddable":true,"href":"https:\/\/blogdoedvaldomagalhaes.com.br\/index.php\/wp-json\/wp\/v2\/categories?post=1573"},{"taxonomy":"post_tag","embeddable":true,"href":"https:\/\/blogdoedvaldomagalhaes.com.br\/index.php\/wp-json\/wp\/v2\/tags?post=1573"}],"curies":[{"name":"wp","href":"https:\/\/api.w.org\/{rel}","templated":true}]}}