{"id":1572,"date":"2018-08-13T10:59:00","date_gmt":"2018-08-13T13:59:00","guid":{"rendered":"http:\/\/blogdoedvaldomagalhaes.com.br\/index.php\/2018\/08\/13\/confira-o-resumo-das-noticias-policiais\/"},"modified":"2019-02-09T02:27:34","modified_gmt":"2019-02-09T04:27:34","slug":"confira-o-resumo-das-noticias-policiais","status":"publish","type":"post","link":"https:\/\/blogdoedvaldomagalhaes.com.br\/index.php\/2018\/08\/13\/confira-o-resumo-das-noticias-policiais\/","title":{"rendered":"Confira o resumo das not\u00edcias policiais do fim de semana no Agreste-PE"},"content":{"rendered":"<div class=\"separator\" style=\"clear: both; text-align: center;\">\n<a href=\"https:\/\/3.bp.blogspot.com\/-7UDxTAbNvxc\/W3FkQOBDwoI\/AAAAAAAA4HU\/GTd3nqWSRdQCjuLgIz-wnYjMs2aPugGMgCLcBGAs\/s1600\/josias.jpg\" imageanchor=\"1\" style=\"margin-left: 1em; margin-right: 1em;\"><img loading=\"lazy\" decoding=\"async\" border=\"0\" data-original-height=\"281\" data-original-width=\"500\" height=\"358\" src=\"http:\/\/blogdoedvaldomagalhaes.com.br\/wp-content\/uploads\/2018\/08\/josias.jpg\" width=\"640\" \/><\/a><\/div>\n<div class=\"separator\" style=\"clear: both; text-align: center;\">\nFoto: Josias Souza\/Sem Meias Palavras<\/div>\n<div style=\"background-color: white; box-sizing: border-box; line-height: 24px; margin-bottom: 10px; text-align: justify;\">\n<\/div>\n<div style=\"background-color: white; box-sizing: border-box; line-height: 24px; margin-bottom: 10px; text-align: justify;\">\nO fim de semana foi marcado pela viol\u00eancia no Agreste de Pernambuco, com registro de homic\u00eddios em v\u00e1rias cidades.<\/div>\n<div style=\"background-color: white; box-sizing: border-box; line-height: 24px; margin-bottom: 10px; text-align: justify;\">\nEm Caruaru, um homem foi assassinado neste domingo (12), em Cachoeira Seca, zona rural do munic\u00edpio. Bruno Jos\u00e9 da Silva, 28 anos, foi morto a tiros. Ele morava na cidade de Altinho e estava foragido do Pres\u00eddio de Canhotinho h\u00e1 um ano.<\/div>\n<div style=\"background-color: white; box-sizing: border-box; line-height: 24px; margin-bottom: 10px; text-align: justify;\">\nDe acordo com informa\u00e7\u00f5es de familiares, Bruno Jos\u00e9 estava na casa da tia h\u00e1 tr\u00eas dias. Ele foi morto por um homem que chegou na garupa de uma moto.<\/div>\n<div style=\"background-color: white; box-sizing: border-box; line-height: 24px; margin-bottom: 10px; text-align: justify;\">\nEste foi o primeiro homic\u00eddio do m\u00eas de agosto em Caruaru. Neste ano de 2018 s\u00e3o 112 assassinatos.<\/div>\n<div style=\"background-color: white; box-sizing: border-box; line-height: 24px; margin-bottom: 10px; text-align: justify;\">\nEm Santa Cruz do Capibaribe, aconteceram dois homic\u00eddios. No s\u00e1bado (11), foi assassinado Paulo Jos\u00e9 Pereira, 34 anos, com pedradas na cabe\u00e7a, na rua Manoel Rodrigues Sobrinho. A v\u00edtima residia na rua Professor Vlaudenice Arag\u00e3o Ara\u00fajo, no mesmo bairro, e tinha problemas com \u00e1lcool. A autoria do crime \u00e9 desconhecida.<\/div>\n<div style=\"background-color: white; box-sizing: border-box; line-height: 24px; margin-bottom: 10px; text-align: justify;\">\nNeste domingo (12), foi morto com tiros na cabe\u00e7a Vanderlei Olinda Xavier, 35 anos. O crime ocorreu no bairro Rio Verde.<\/div>\n<div style=\"background-color: white; box-sizing: border-box; line-height: 24px; margin-bottom: 10px; text-align: justify;\">\nEm Cupira, o ex-presidi\u00e1rio Edmilson Edvaldo da Silva, 24 anos, foi assassinado a tiros dentro de uma resid\u00eancia durante o ter\u00e7o da M\u00e3e Rainha. O crime aconteceu na rua Pedro \u00c1lvares Cabral, bairro Novo Horizonte. Ele tentou correr, mas foi executado em um quarto da casa. O irm\u00e3o dele foi assassinado h\u00e1 um m\u00eas.<\/div>\n<div style=\"background-color: white; box-sizing: border-box; line-height: 24px; margin-bottom: 10px; text-align: justify;\">\nEm Barra de Guabiraba, um homem foi morto com tiros e golpes de fac\u00e3o, na manh\u00e3 deste domingo (12). O crime aconteceu no S\u00edtio Cana Verde, zona rural do munic\u00edpio. Jos\u00e9 Givanilson da Silva, 30 anos, trabalhava como vigia em uma propriedade e tinha acabado de sair de casa para ir ao trabalho.<\/div>\n<div style=\"background-color: white; box-sizing: border-box; line-height: 24px; margin-bottom: 10px; text-align: justify;\">\nNo fim de semana, foram assassinadas em Pernambuco 21 pessoas, sendo 10 assassinatos neste domingo (12). No ano j\u00e1 s\u00e3o 2.550 homic\u00eddios no Estado, 1.006 no Grande Recife e 1.544 no interior.<\/div>\n<div style=\"background-color: white; box-sizing: border-box; line-height: 24px; margin-bottom: 10px; text-align: justify;\">\nOnze \u00f4nibus foram assaltados na Regi\u00e3o Metropolitana nas \u00faltimas 24 horas. No fim de semana foram 22 ocorr\u00eancias. No m\u00eas de agosto s\u00e3o 84 investigas dos marginais contra coletivos e no ano 1.561 assaltos.<\/p>\n<p>Fonte: R\u00e1dio Liberdade.<\/p><\/div>\n","protected":false},"excerpt":{"rendered":"<p>Foto: Josias Souza\/Sem Meias Palavras O fim de semana foi marcado pela viol\u00eancia no Agreste de Pernambuco, com registro de&hellip;<\/p>\n","protected":false},"author":1,"featured_media":0,"comment_status":"open","ping_status":"open","sticky":false,"template":"","format":"standard","meta":{"footnotes":""},"categories":[1],"tags":[2,1582,13],"class_list":["post-1572","post","type-post","status-publish","format-standard","hentry","category-sem-categoria","tag-blog-do-edvaldo-magalhaes","tag-confira-o-resumo-das-noticias-policiais-do-fim-de-semana-no-agreste-pe","tag-policial"],"_links":{"self":[{"href":"https:\/\/blogdoedvaldomagalhaes.com.br\/index.php\/wp-json\/wp\/v2\/posts\/1572","targetHints":{"allow":["GET"]}}],"collection":[{"href":"https:\/\/blogdoedvaldomagalhaes.com.br\/index.php\/wp-json\/wp\/v2\/posts"}],"about":[{"href":"https:\/\/blogdoedvaldomagalhaes.com.br\/index.php\/wp-json\/wp\/v2\/types\/post"}],"author":[{"embeddable":true,"href":"https:\/\/blogdoedvaldomagalhaes.com.br\/index.php\/wp-json\/wp\/v2\/users\/1"}],"replies":[{"embeddable":true,"href":"https:\/\/blogdoedvaldomagalhaes.com.br\/index.php\/wp-json\/wp\/v2\/comments?post=1572"}],"version-history":[{"count":1,"href":"https:\/\/blogdoedvaldomagalhaes.com.br\/index.php\/wp-json\/wp\/v2\/posts\/1572\/revisions"}],"predecessor-version":[{"id":33366,"href":"https:\/\/blogdoedvaldomagalhaes.com.br\/index.php\/wp-json\/wp\/v2\/posts\/1572\/revisions\/33366"}],"wp:attachment":[{"href":"https:\/\/blogdoedvaldomagalhaes.com.br\/index.php\/wp-json\/wp\/v2\/media?parent=1572"}],"wp:term":[{"taxonomy":"category","embeddable":true,"href":"https:\/\/blogdoedvaldomagalhaes.com.br\/index.php\/wp-json\/wp\/v2\/categories?post=1572"},{"taxonomy":"post_tag","embeddable":true,"href":"https:\/\/blogdoedvaldomagalhaes.com.br\/index.php\/wp-json\/wp\/v2\/tags?post=1572"}],"curies":[{"name":"wp","href":"https:\/\/api.w.org\/{rel}","templated":true}]}}