{"id":1571,"date":"2018-08-13T13:49:00","date_gmt":"2018-08-13T16:49:00","guid":{"rendered":"http:\/\/blogdoedvaldomagalhaes.com.br\/index.php\/2018\/08\/13\/morre-suspeito-de-aplicar-golpe-e\/"},"modified":"2019-02-09T02:27:34","modified_gmt":"2019-02-09T04:27:34","slug":"morre-suspeito-de-aplicar-golpe-e","status":"publish","type":"post","link":"https:\/\/blogdoedvaldomagalhaes.com.br\/index.php\/2018\/08\/13\/morre-suspeito-de-aplicar-golpe-e\/","title":{"rendered":"Morre suspeito de aplicar golpe em estudantes em Caruaru"},"content":{"rendered":"<div class=\"separator\" style=\"clear: both; text-align: center;\">\n<a href=\"https:\/\/1.bp.blogspot.com\/-rD6WcHpud4U\/W3GH4Oey6bI\/AAAAAAAA4Hk\/F3ttgGOcOXIZDVTZOUbrBW_nUtU2Oqt0QCLcBGAs\/s1600\/IMG-20180813-WA0023.jpg\" imageanchor=\"1\" style=\"margin-left: 1em; margin-right: 1em;\"><img loading=\"lazy\" decoding=\"async\" border=\"0\" data-original-height=\"225\" data-original-width=\"300\" height=\"480\" src=\"http:\/\/blogdoedvaldomagalhaes.com.br\/wp-content\/uploads\/2018\/08\/IMG-20180813-WA0023.jpg\" width=\"640\" \/><\/a><\/div>\n<p><\/p>\n<div style=\"text-align: justify;\">\nFaleceu na madrugada desta segunda-feira (13), no Hospital da Restaura\u00e7\u00e3o, em Recife, o jovem de 23 anos, suspeito de aplicar um golpe de R$ 68 mil nos colegas de turma, em Caruaru.&nbsp;Os estudantes acusaram o jovem de roubar o dinheiro entregue a ele pelos colegas para realizar a festa de formatura do curso de fisioterapia.&nbsp;<\/p>\n<p>O jovem teve complica\u00e7\u00f5es no quadro cl\u00ednico e morreu por volta de 1h20. De acordo com a assessoria do HR, ele j\u00e1 teria dado entrada na unidade hospitalar ap\u00f3s cometer suic\u00eddio duas vezes.&nbsp;<\/p>\n<p>O delegado Thiago Henrique, respons\u00e1vel pelas investiga\u00e7\u00f5es, disse que mesmo com a morte do suspeito, o inqu\u00e9rito vai continuar, e que um mapeamento de bens do jovem ser\u00e1 feito, para haver a restitui\u00e7\u00e3o dos danos \u00e0s v\u00edtimas.&nbsp;<\/p><\/div>\n","protected":false},"excerpt":{"rendered":"<p>Faleceu na madrugada desta segunda-feira (13), no Hospital da Restaura\u00e7\u00e3o, em Recife, o jovem de 23 anos, suspeito de aplicar&hellip;<\/p>\n","protected":false},"author":1,"featured_media":0,"comment_status":"open","ping_status":"open","sticky":false,"template":"","format":"standard","meta":{"footnotes":""},"categories":[1],"tags":[2,1581,6],"class_list":["post-1571","post","type-post","status-publish","format-standard","hentry","category-sem-categoria","tag-blog-do-edvaldo-magalhaes","tag-morre-suspeito-de-aplicar-golpe-em-estudantes-em-caruaru","tag-noticias"],"_links":{"self":[{"href":"https:\/\/blogdoedvaldomagalhaes.com.br\/index.php\/wp-json\/wp\/v2\/posts\/1571","targetHints":{"allow":["GET"]}}],"collection":[{"href":"https:\/\/blogdoedvaldomagalhaes.com.br\/index.php\/wp-json\/wp\/v2\/posts"}],"about":[{"href":"https:\/\/blogdoedvaldomagalhaes.com.br\/index.php\/wp-json\/wp\/v2\/types\/post"}],"author":[{"embeddable":true,"href":"https:\/\/blogdoedvaldomagalhaes.com.br\/index.php\/wp-json\/wp\/v2\/users\/1"}],"replies":[{"embeddable":true,"href":"https:\/\/blogdoedvaldomagalhaes.com.br\/index.php\/wp-json\/wp\/v2\/comments?post=1571"}],"version-history":[{"count":1,"href":"https:\/\/blogdoedvaldomagalhaes.com.br\/index.php\/wp-json\/wp\/v2\/posts\/1571\/revisions"}],"predecessor-version":[{"id":33368,"href":"https:\/\/blogdoedvaldomagalhaes.com.br\/index.php\/wp-json\/wp\/v2\/posts\/1571\/revisions\/33368"}],"wp:attachment":[{"href":"https:\/\/blogdoedvaldomagalhaes.com.br\/index.php\/wp-json\/wp\/v2\/media?parent=1571"}],"wp:term":[{"taxonomy":"category","embeddable":true,"href":"https:\/\/blogdoedvaldomagalhaes.com.br\/index.php\/wp-json\/wp\/v2\/categories?post=1571"},{"taxonomy":"post_tag","embeddable":true,"href":"https:\/\/blogdoedvaldomagalhaes.com.br\/index.php\/wp-json\/wp\/v2\/tags?post=1571"}],"curies":[{"name":"wp","href":"https:\/\/api.w.org\/{rel}","templated":true}]}}