{"id":1570,"date":"2018-08-13T19:58:00","date_gmt":"2018-08-13T22:58:00","guid":{"rendered":"http:\/\/blogdoedvaldomagalhaes.com.br\/index.php\/2018\/08\/13\/inaugurado-complexo-em-caruaru-para\/"},"modified":"2019-02-09T02:27:41","modified_gmt":"2019-02-09T04:27:41","slug":"inaugurado-complexo-em-caruaru-para","status":"publish","type":"post","link":"https:\/\/blogdoedvaldomagalhaes.com.br\/index.php\/2018\/08\/13\/inaugurado-complexo-em-caruaru-para\/","title":{"rendered":"Inaugurado complexo em Caruaru para abrigar sete unidades da Pol\u00edcia Civil"},"content":{"rendered":"<div class=\"separator\" style=\"clear: both; text-align: center;\">\n<a href=\"https:\/\/2.bp.blogspot.com\/-vnTkCTJXAFs\/W3HiiCWfzUI\/AAAAAAAA4IA\/LiAcMt3NxxYtxEXfUn8QyFST92r_St6rACLcBGAs\/s1600\/1.JPG\" imageanchor=\"1\" style=\"margin-left: 1em; margin-right: 1em;\"><img loading=\"lazy\" decoding=\"async\" border=\"0\" data-original-height=\"1063\" data-original-width=\"1600\" height=\"424\" src=\"http:\/\/blogdoedvaldomagalhaes.com.br\/wp-content\/uploads\/2018\/08\/1-8.jpg\" width=\"640\" \/><\/a><\/div>\n<div class=\"gmail_default\" style=\"background-color: white; color: #222222; font-family: verdana, sans-serif; text-align: center;\">\nCr\u00e9ditos de Luciano Luc\/CICOM-SDS<\/div>\n<div class=\"gmail_default\" style=\"background-color: white; color: #222222; font-family: verdana, sans-serif; font-size: 12.8px; text-align: center;\">\n<\/div>\n<div style=\"text-align: justify;\">\n<\/div>\n<div style=\"text-align: justify;\">\nA Secretaria de Defesa Social (SDS) inaugurou no final da manh\u00e3 desta segunda-feira (13), em Caruaru, Agreste pernambucano, um complexo que ir\u00e1 abrigar sete unidades da Pol\u00edcia Civil. A solenidade contou com as presen\u00e7as do secret\u00e1rio da SDS, Ant\u00f4nio de P\u00e1dua, e o chefe da Pol\u00edcia Civil, Joselito Kehrle do Amaral.<\/p>\n<\/div>\n<div style=\"text-align: justify;\">\n<div class=\"separator\" style=\"clear: both; text-align: center;\">\n<a href=\"https:\/\/1.bp.blogspot.com\/-5YGRjnT0UWk\/W3HjCdc3ZhI\/AAAAAAAA4II\/R_7M7QLxn8QfsG-fb5V_Yrkm-4z8qxEIwCLcBGAs\/s1600\/2.JPG\" imageanchor=\"1\" style=\"margin-left: 1em; margin-right: 1em;\"><img loading=\"lazy\" decoding=\"async\" border=\"0\" data-original-height=\"1063\" data-original-width=\"1600\" height=\"424\" src=\"http:\/\/blogdoedvaldomagalhaes.com.br\/wp-content\/uploads\/2018\/08\/2-6.jpg\" width=\"640\" \/><\/a><\/div>\n<p><\/div>\n<div style=\"text-align: justify;\">\nO pr\u00e9dio possui estrutura com amplo estacionamento e salas exclusivas para registro dos Boletins de Ocorr\u00eancia, para atender de forma adequada a popula\u00e7\u00e3o caruaruense. Tamb\u00e9m funciona no local o Plant\u00e3o que atende as ocorr\u00eancias 24 horas, incluindo o per\u00edodo noturno, finais de semana e feriados.<\/p>\n<div class=\"separator\" style=\"clear: both; text-align: center;\">\n<a href=\"https:\/\/3.bp.blogspot.com\/--07FWSNrvTk\/W3HjNV6XoZI\/AAAAAAAA4IM\/Id6MDJfCNdARnbb9YhomUVVbFrvlm5T9gCLcBGAs\/s1600\/3.JPG\" imageanchor=\"1\" style=\"margin-left: 1em; margin-right: 1em;\"><img loading=\"lazy\" decoding=\"async\" border=\"0\" data-original-height=\"1063\" data-original-width=\"1600\" height=\"424\" src=\"http:\/\/blogdoedvaldomagalhaes.com.br\/wp-content\/uploads\/2018\/08\/3-5.jpg\" width=\"640\" \/><\/a><\/div>\n<p><\/div>\n<div style=\"text-align: justify;\">\nS\u00e3o tr\u00eas edifica\u00e7\u00f5es, onde funcionam a Diretoria Integrada do Interior 1, a Delegacia Seccional de Caruaru, a Divis\u00e3o de Homic\u00eddios do Agreste, duas Delegacias de Homic\u00eddios (19\u00b0 e 20\u00b0), a 90\u00b0 Delegacia Circunscricional e o Plant\u00e3o 24 horas. As estruturas abrigam 115 policiais civis, desenvolvendo investiga\u00e7\u00f5es para combater a criminalidade no munic\u00edpio.<\/p>\n<\/div>\n<div style=\"text-align: justify;\">\n<div class=\"separator\" style=\"clear: both; text-align: center;\">\n<a href=\"https:\/\/1.bp.blogspot.com\/-G2P0E1RC7rg\/W3HjU58RItI\/AAAAAAAA4IU\/ZNLlrHzcAogYPId6lb0jhNLAcPzzQa17QCLcBGAs\/s1600\/4.JPG\" imageanchor=\"1\" style=\"margin-left: 1em; margin-right: 1em;\"><img loading=\"lazy\" decoding=\"async\" border=\"0\" data-original-height=\"1063\" data-original-width=\"1600\" height=\"424\" src=\"http:\/\/blogdoedvaldomagalhaes.com.br\/wp-content\/uploads\/2018\/08\/4-2.jpg\" width=\"640\" \/><\/a><\/div>\n<p><\/div>\n<div style=\"text-align: justify;\">\nO complexo est\u00e1 localizado na BR-104, ao lado do 4\u00b0 Batalh\u00e3o da Pol\u00edcia Militar, o que garante integra\u00e7\u00e3o entre as for\u00e7as de seguran\u00e7a. As novas instala\u00e7\u00f5es permitiram a devolu\u00e7\u00e3o de im\u00f3veis que eram alugados, representando uma economia de 48 mil reais anuais aos cofres p\u00fablicos.<\/p>\n<div class=\"separator\" style=\"clear: both; text-align: center;\">\n<a href=\"https:\/\/2.bp.blogspot.com\/-Xq7ySciwKwQ\/W3HjbrXnRnI\/AAAAAAAA4IY\/cRUkBBZK5rA1K_yY0xPaZemBW9qVsEX0wCLcBGAs\/s1600\/5.JPG\" imageanchor=\"1\" style=\"margin-left: 1em; margin-right: 1em;\"><img loading=\"lazy\" decoding=\"async\" border=\"0\" data-original-height=\"1063\" data-original-width=\"1600\" height=\"424\" src=\"http:\/\/blogdoedvaldomagalhaes.com.br\/wp-content\/uploads\/2018\/08\/5-1.jpg\" width=\"640\" \/><\/a><\/div>\n<p><\/div>\n","protected":false},"excerpt":{"rendered":"<p>Cr\u00e9ditos de Luciano Luc\/CICOM-SDS A Secretaria de Defesa Social (SDS) inaugurou no final da manh\u00e3 desta segunda-feira (13), em Caruaru,&hellip;<\/p>\n","protected":false},"author":1,"featured_media":0,"comment_status":"open","ping_status":"open","sticky":false,"template":"","format":"standard","meta":{"footnotes":""},"categories":[1],"tags":[2,1580,13],"class_list":["post-1570","post","type-post","status-publish","format-standard","hentry","category-sem-categoria","tag-blog-do-edvaldo-magalhaes","tag-inaugurado-complexo-em-caruaru-para-abrigar-sete-unidades-da-policia-civil","tag-policial"],"_links":{"self":[{"href":"https:\/\/blogdoedvaldomagalhaes.com.br\/index.php\/wp-json\/wp\/v2\/posts\/1570","targetHints":{"allow":["GET"]}}],"collection":[{"href":"https:\/\/blogdoedvaldomagalhaes.com.br\/index.php\/wp-json\/wp\/v2\/posts"}],"about":[{"href":"https:\/\/blogdoedvaldomagalhaes.com.br\/index.php\/wp-json\/wp\/v2\/types\/post"}],"author":[{"embeddable":true,"href":"https:\/\/blogdoedvaldomagalhaes.com.br\/index.php\/wp-json\/wp\/v2\/users\/1"}],"replies":[{"embeddable":true,"href":"https:\/\/blogdoedvaldomagalhaes.com.br\/index.php\/wp-json\/wp\/v2\/comments?post=1570"}],"version-history":[{"count":1,"href":"https:\/\/blogdoedvaldomagalhaes.com.br\/index.php\/wp-json\/wp\/v2\/posts\/1570\/revisions"}],"predecessor-version":[{"id":33374,"href":"https:\/\/blogdoedvaldomagalhaes.com.br\/index.php\/wp-json\/wp\/v2\/posts\/1570\/revisions\/33374"}],"wp:attachment":[{"href":"https:\/\/blogdoedvaldomagalhaes.com.br\/index.php\/wp-json\/wp\/v2\/media?parent=1570"}],"wp:term":[{"taxonomy":"category","embeddable":true,"href":"https:\/\/blogdoedvaldomagalhaes.com.br\/index.php\/wp-json\/wp\/v2\/categories?post=1570"},{"taxonomy":"post_tag","embeddable":true,"href":"https:\/\/blogdoedvaldomagalhaes.com.br\/index.php\/wp-json\/wp\/v2\/tags?post=1570"}],"curies":[{"name":"wp","href":"https:\/\/api.w.org\/{rel}","templated":true}]}}