{"id":1569,"date":"2018-08-13T20:08:00","date_gmt":"2018-08-13T23:08:00","guid":{"rendered":"http:\/\/blogdoedvaldomagalhaes.com.br\/index.php\/2018\/08\/13\/cel-gilmar-sera-empossado-secretario-de\/"},"modified":"2019-02-09T02:27:42","modified_gmt":"2019-02-09T04:27:42","slug":"cel-gilmar-sera-empossado-secretario-de","status":"publish","type":"post","link":"https:\/\/blogdoedvaldomagalhaes.com.br\/index.php\/2018\/08\/13\/cel-gilmar-sera-empossado-secretario-de\/","title":{"rendered":"Cel Gilmar ser\u00e1 empossado Secret\u00e1rio de Ordem P\u00fablica de Caruaru nesta ter\u00e7a-feira (14)"},"content":{"rendered":"<div class=\"separator\" style=\"clear: both; text-align: center;\">\n<a href=\"https:\/\/4.bp.blogspot.com\/-VWUjscoH80c\/W3Hk4HgMn6I\/AAAAAAAA4Io\/GQUd1ac5KLA4GX1dPJkVDyeIW2m6nV2OwCLcBGAs\/s1600\/gil%2Bmatr.jpg\" imageanchor=\"1\" style=\"margin-left: 1em; margin-right: 1em;\"><img loading=\"lazy\" decoding=\"async\" border=\"0\" data-original-height=\"440\" data-original-width=\"720\" height=\"390\" src=\"http:\/\/blogdoedvaldomagalhaes.com.br\/wp-content\/uploads\/2018\/08\/gilmatr.jpg\" width=\"640\" \/><\/a><\/div>\n<div style=\"text-align: justify;\">\n<\/div>\n<div style=\"text-align: justify;\">\nA posse do novo secret\u00e1rio de Ordem P\u00fablica de Caruaru, acontece nesta ter\u00e7a-feira (14), \u00e0s 11h, na sede da Prefeitura.<\/div>\n<div style=\"text-align: justify;\">\n<\/div>\n<div style=\"text-align: justify;\">\nO coronel reformado da Pol\u00edcia Militar, Gilmar de Ara\u00fajo Oliveira, foi nomeado como secret\u00e1rio de Ordem P\u00fablica de Caruaru na \u00faltima ter\u00e7a-feira (07).<\/div>\n<div style=\"text-align: justify;\">\n<\/div>\n<div style=\"text-align: justify;\">\nNascido em Recife-PE, recebeu o t\u00edtulo de Cidad\u00e3o Caruaruense em 2011, onde comandou, por dois anos, o 4\u00ba BPM, participando de grandes projetos em Caruaru, como a pacifica\u00e7\u00e3o do Monte Bom Jesus, com a instala\u00e7\u00e3o do policiamento ostensivo no local.<\/div>\n","protected":false},"excerpt":{"rendered":"<p>A posse do novo secret\u00e1rio de Ordem P\u00fablica de Caruaru, acontece nesta ter\u00e7a-feira (14), \u00e0s 11h, na sede da Prefeitura.&hellip;<\/p>\n","protected":false},"author":1,"featured_media":0,"comment_status":"open","ping_status":"open","sticky":false,"template":"","format":"standard","meta":{"footnotes":""},"categories":[1],"tags":[2,1579,20],"class_list":["post-1569","post","type-post","status-publish","format-standard","hentry","category-sem-categoria","tag-blog-do-edvaldo-magalhaes","tag-cel-gilmar-sera-empossado-secretario-de-ordem-publica-de-caruaru-nesta-terca-feira-14","tag-politica"],"_links":{"self":[{"href":"https:\/\/blogdoedvaldomagalhaes.com.br\/index.php\/wp-json\/wp\/v2\/posts\/1569","targetHints":{"allow":["GET"]}}],"collection":[{"href":"https:\/\/blogdoedvaldomagalhaes.com.br\/index.php\/wp-json\/wp\/v2\/posts"}],"about":[{"href":"https:\/\/blogdoedvaldomagalhaes.com.br\/index.php\/wp-json\/wp\/v2\/types\/post"}],"author":[{"embeddable":true,"href":"https:\/\/blogdoedvaldomagalhaes.com.br\/index.php\/wp-json\/wp\/v2\/users\/1"}],"replies":[{"embeddable":true,"href":"https:\/\/blogdoedvaldomagalhaes.com.br\/index.php\/wp-json\/wp\/v2\/comments?post=1569"}],"version-history":[{"count":1,"href":"https:\/\/blogdoedvaldomagalhaes.com.br\/index.php\/wp-json\/wp\/v2\/posts\/1569\/revisions"}],"predecessor-version":[{"id":33376,"href":"https:\/\/blogdoedvaldomagalhaes.com.br\/index.php\/wp-json\/wp\/v2\/posts\/1569\/revisions\/33376"}],"wp:attachment":[{"href":"https:\/\/blogdoedvaldomagalhaes.com.br\/index.php\/wp-json\/wp\/v2\/media?parent=1569"}],"wp:term":[{"taxonomy":"category","embeddable":true,"href":"https:\/\/blogdoedvaldomagalhaes.com.br\/index.php\/wp-json\/wp\/v2\/categories?post=1569"},{"taxonomy":"post_tag","embeddable":true,"href":"https:\/\/blogdoedvaldomagalhaes.com.br\/index.php\/wp-json\/wp\/v2\/tags?post=1569"}],"curies":[{"name":"wp","href":"https:\/\/api.w.org\/{rel}","templated":true}]}}