{"id":1568,"date":"2018-08-13T20:26:00","date_gmt":"2018-08-13T23:26:00","guid":{"rendered":"http:\/\/blogdoedvaldomagalhaes.com.br\/index.php\/2018\/08\/13\/caruaruense-morre-em-acidente-entre\/"},"modified":"2019-02-09T02:27:42","modified_gmt":"2019-02-09T04:27:42","slug":"caruaruense-morre-em-acidente-entre","status":"publish","type":"post","link":"https:\/\/blogdoedvaldomagalhaes.com.br\/index.php\/2018\/08\/13\/caruaruense-morre-em-acidente-entre\/","title":{"rendered":"Caruaruense morre em acidente entre carro e caminh\u00e3o na BR-423"},"content":{"rendered":"<div class=\"separator\" style=\"clear: both; text-align: center;\">\n<a href=\"https:\/\/2.bp.blogspot.com\/-XOOepw5au4g\/W3Hoy2f3aLI\/AAAAAAAA4I0\/XVZHER9qSq0yPKsW7jQ_wbb7Wa6mKwcJACLcBGAs\/s1600\/caro%2B3.jpg\" imageanchor=\"1\" style=\"margin-left: 1em; margin-right: 1em;\"><img loading=\"lazy\" decoding=\"async\" border=\"0\" data-original-height=\"611\" data-original-width=\"640\" height=\"610\" src=\"http:\/\/blogdoedvaldomagalhaes.com.br\/wp-content\/uploads\/2018\/08\/caro3.jpg\" width=\"640\" \/><\/a><\/div>\n<div style=\"text-align: center;\">\nFotos: WhatsApp\/Cortesia<\/div>\n<div style=\"text-align: center;\">\n<\/div>\n<div style=\"text-align: justify;\">\nNesta segunda-feira (13), por volta de 05h, a Central de Opera\u00e7\u00f5es do Corpo de Bombeiros em Garanhuns, foi acionada para atender a uma ocorr\u00eancia de tr\u00e2nsito na BR-423, ap\u00f3s a entrada do distrito de S\u00e3o Pedro, per\u00edmetro rural, de Garanhuns.&nbsp;<\/p>\n<\/div>\n<div style=\"text-align: justify;\">\n<div class=\"separator\" style=\"clear: both; text-align: center;\">\n<a href=\"https:\/\/3.bp.blogspot.com\/-3QSuwptUrro\/W3HqQHliY0I\/AAAAAAAA4JA\/Z5ICmlN4HNkm41WPWSCZoxsoT6mPCnqjQCLcBGAs\/s1600\/caminh%255D%25C3%25A3o.jpg\" imageanchor=\"1\" style=\"margin-left: 1em; margin-right: 1em;\"><img loading=\"lazy\" decoding=\"async\" border=\"0\" data-original-height=\"360\" data-original-width=\"640\" height=\"360\" src=\"http:\/\/blogdoedvaldomagalhaes.com.br\/wp-content\/uploads\/2018\/08\/caminh5DC3A3o.jpg\" width=\"640\" \/><\/a><\/div>\n<p><\/div>\n<div style=\"text-align: justify;\">\nA equipe de resgate foi ao local e l\u00e1 os bombeiros constataram uma colis\u00e3o frontal envolvendo uma caminh\u00e3o Mercedes Benz &#8211; Truck Amarelo, placas KCY-6602, de Parelhas, no Rio Grande do Norte que estava carregado de bebida alco\u00f3lica e um Fiat Uno Sport, cor prata placas PCX- 9633, de Caruaru. Com a forte colis\u00e3o frontal, o Fiat Uno saiu da pista e capotou v\u00e1rias vezes, tendo o caminh\u00e3o capotado no acostamento. Com o forte impacto, o condutor do Fiat Uno, residente em Caruaru e identificado como sendo, Jos\u00e9 Ildo da Silva (conhecido por Bobi), 52 anos de idade ficou preso \u00e0s ferragens.&nbsp;<\/p>\n<\/div>\n<div style=\"text-align: justify;\">\n<div class=\"separator\" style=\"clear: both; text-align: center;\">\n<a href=\"https:\/\/3.bp.blogspot.com\/-VGJo6A6bFAw\/W3HqVykqwkI\/AAAAAAAA4JE\/WSgtdfCdiIQt-zEdMT1CFNf1gKBS6wNTACLcBGAs\/s1600\/ell1.jpg\" imageanchor=\"1\" style=\"margin-left: 1em; margin-right: 1em;\"><img loading=\"lazy\" decoding=\"async\" border=\"0\" data-original-height=\"634\" data-original-width=\"640\" height=\"630\" src=\"http:\/\/blogdoedvaldomagalhaes.com.br\/wp-content\/uploads\/2018\/08\/ell1.jpg\" width=\"640\" \/><\/a><\/div>\n<p><\/div>\n<div style=\"text-align: justify;\">\nO motorista do caminh\u00e3o n\u00e3o ficou ferido e as causas do acidente ser\u00e3o investigadas pela Pol\u00edcia Civil. A carga foi saqueada. Equipe de resgate fez o desencarceramento do corpo da v\u00edtima que j\u00e1 estava sem vida, e encaminhou ao IML de Caruaru.<\/p>\n<p><\/p>\n<div class=\"separator\" style=\"clear: both; text-align: center;\">\n<a href=\"https:\/\/2.bp.blogspot.com\/-8BXgxmo7k8k\/W3Hqgzs9K5I\/AAAAAAAA4JM\/CatsnnGisNQXjIOfKR3ahpHKY74YEg1TwCLcBGAs\/s1600\/carro%2B2.jpg\" imageanchor=\"1\" style=\"margin-left: 1em; margin-right: 1em;\"><img loading=\"lazy\" decoding=\"async\" border=\"0\" data-original-height=\"960\" data-original-width=\"720\" height=\"640\" src=\"http:\/\/blogdoedvaldomagalhaes.com.br\/wp-content\/uploads\/2018\/08\/carro2.jpg\" width=\"480\" \/><\/a><\/div>\n<p><\/p>\n<div class=\"separator\" style=\"clear: both; text-align: center;\">\n<a href=\"https:\/\/3.bp.blogspot.com\/-Rxvtp8YBZYo\/W3HqjgXJ-XI\/AAAAAAAA4JQ\/Hozl5bHwcDI3OWmdKABIwJqoiJiLI9fpgCLcBGAs\/s1600\/carro%2B3.jpg\" imageanchor=\"1\" style=\"margin-left: 1em; margin-right: 1em;\"><img loading=\"lazy\" decoding=\"async\" border=\"0\" data-original-height=\"960\" data-original-width=\"720\" height=\"640\" src=\"http:\/\/blogdoedvaldomagalhaes.com.br\/wp-content\/uploads\/2018\/08\/carro3.jpg\" width=\"480\" \/><\/a><\/div>\n<p><\/div>\n<div style=\"text-align: justify;\">\n<\/div>\n","protected":false},"excerpt":{"rendered":"<p>Fotos: WhatsApp\/Cortesia Nesta segunda-feira (13), por volta de 05h, a Central de Opera\u00e7\u00f5es do Corpo de Bombeiros em Garanhuns, foi&hellip;<\/p>\n","protected":false},"author":1,"featured_media":0,"comment_status":"open","ping_status":"open","sticky":false,"template":"","format":"standard","meta":{"footnotes":""},"categories":[1],"tags":[2,1578,6],"class_list":["post-1568","post","type-post","status-publish","format-standard","hentry","category-sem-categoria","tag-blog-do-edvaldo-magalhaes","tag-caruaruense-morre-em-acidente-entre-carro-e-caminhao-na-br-423","tag-noticias"],"_links":{"self":[{"href":"https:\/\/blogdoedvaldomagalhaes.com.br\/index.php\/wp-json\/wp\/v2\/posts\/1568","targetHints":{"allow":["GET"]}}],"collection":[{"href":"https:\/\/blogdoedvaldomagalhaes.com.br\/index.php\/wp-json\/wp\/v2\/posts"}],"about":[{"href":"https:\/\/blogdoedvaldomagalhaes.com.br\/index.php\/wp-json\/wp\/v2\/types\/post"}],"author":[{"embeddable":true,"href":"https:\/\/blogdoedvaldomagalhaes.com.br\/index.php\/wp-json\/wp\/v2\/users\/1"}],"replies":[{"embeddable":true,"href":"https:\/\/blogdoedvaldomagalhaes.com.br\/index.php\/wp-json\/wp\/v2\/comments?post=1568"}],"version-history":[{"count":1,"href":"https:\/\/blogdoedvaldomagalhaes.com.br\/index.php\/wp-json\/wp\/v2\/posts\/1568\/revisions"}],"predecessor-version":[{"id":33382,"href":"https:\/\/blogdoedvaldomagalhaes.com.br\/index.php\/wp-json\/wp\/v2\/posts\/1568\/revisions\/33382"}],"wp:attachment":[{"href":"https:\/\/blogdoedvaldomagalhaes.com.br\/index.php\/wp-json\/wp\/v2\/media?parent=1568"}],"wp:term":[{"taxonomy":"category","embeddable":true,"href":"https:\/\/blogdoedvaldomagalhaes.com.br\/index.php\/wp-json\/wp\/v2\/categories?post=1568"},{"taxonomy":"post_tag","embeddable":true,"href":"https:\/\/blogdoedvaldomagalhaes.com.br\/index.php\/wp-json\/wp\/v2\/tags?post=1568"}],"curies":[{"name":"wp","href":"https:\/\/api.w.org\/{rel}","templated":true}]}}