{"id":1564,"date":"2018-08-14T13:20:00","date_gmt":"2018-08-14T16:20:00","guid":{"rendered":"http:\/\/blogdoedvaldomagalhaes.com.br\/index.php\/2018\/08\/14\/morre-ator-e-diretor-jose-pimente\/"},"modified":"2019-02-09T02:27:48","modified_gmt":"2019-02-09T04:27:48","slug":"morre-ator-e-diretor-jose-pimente","status":"publish","type":"post","link":"https:\/\/blogdoedvaldomagalhaes.com.br\/index.php\/2018\/08\/14\/morre-ator-e-diretor-jose-pimente\/","title":{"rendered":"Morre ator e diretor Jos\u00e9 Pimentel, conhecido por interpretar Jesus"},"content":{"rendered":"<div class=\"separator\" style=\"clear: both; text-align: center;\">\n<a href=\"https:\/\/1.bp.blogspot.com\/-Uaz6ujHpRGg\/W3LWPY-GrxI\/AAAAAAAA4KU\/kNDfxSKaf_Uue2BAgHo3iZBfpHGzzM40wCLcBGAs\/s1600\/IMG-20180814-WA0022.jpg\" imageanchor=\"1\" style=\"margin-left: 1em; margin-right: 1em;\"><img loading=\"lazy\" decoding=\"async\" border=\"0\" data-original-height=\"463\" data-original-width=\"695\" height=\"426\" src=\"http:\/\/blogdoedvaldomagalhaes.com.br\/wp-content\/uploads\/2018\/08\/IMG-20180814-WA0022.jpg\" width=\"640\" \/><\/a><\/div>\n<div class=\"separator\" style=\"clear: both; text-align: center;\">\nFoto: Marlon Costa\/Pernambuco Press<\/div>\n<div class=\"separator\" style=\"clear: both; text-align: center;\">\n<\/div>\n<div style=\"background-color: white; box-sizing: border-box; line-height: 24px; margin-bottom: 10px; text-align: justify;\">\nMorre, aos 84 anos, o ator Jos\u00e9 Pimentel, conhecido por interpretar Jesus na Paix\u00e3o de Cristo do Recife. Ele estava internado na Unidade de Terapia Intensiva (UTI) do Hospital Esperan\u00e7a, no bairro da Ilha do Leite, \u00e1rea central do Recife.<\/div>\n<div style=\"background-color: white; box-sizing: border-box; line-height: 24px; margin-bottom: 10px; text-align: justify;\">\nJos\u00e9 Pimentel passou o anivers\u00e1rio de 84 anos de idade, no \u00faltimo dia 11, internado na Unidade de Terapia Intensiva (UTI). Boa parte dessas mais de oito d\u00e9cadas de vida foi dedicada \u00e0s artes c\u00eanicas. Nascido em Garanhuns, desde a d\u00e9cada de 1950, encenou, dirigiu e escreveu diferentes espet\u00e1culos teatrais. Mas seu trabalho mais reconhecido, que o transformou em figura folcl\u00f3rica do imagin\u00e1rio popular pernambucano, foi mesmo como Jesus Cristo, papel que interpretou durante 39 anos.<\/div>\n<div style=\"background-color: white; box-sizing: border-box; line-height: 24px; margin-bottom: 10px; text-align: justify;\">\nEm 1956, Pimentel foi levado por um amigo \u2013 Oct\u00e1vio Catanho \u2013 a participar dos espet\u00e1culos da Paix\u00e3o de Cristo, em Fazenda Nova, Brejo da Madre de Deus. Come\u00e7ou em pequenos pap\u00e9is e acabou promovido a diretor da montagem em 1969. Com a sa\u00edda do ator Carlos Reis, em 1978, interpretou o papel do filho de Deus pela primeira vez. Desentendimentos com os produtores de Nova Jerusal\u00e9m fizerem Pimentel deixar o espet\u00e1culo em 1996, mas n\u00e3o o papel. No ano seguinte, estreou a Paix\u00e3o de Cristo do Recife, que come\u00e7ou no Est\u00e1dio do Arruda, sendo transferido para o Marco Zero em 2001.<\/div>\n<div style=\"background-color: white; box-sizing: border-box; line-height: 24px; margin-bottom: 10px; text-align: justify;\">\nA \u00faltima vez que o p\u00fablico viu Pimentel em seu personagem mais ic\u00f4nico foi em 2017. Na ocasi\u00e3o, ele resolveu subir ao palco mesmo ap\u00f3s passar por uma cirurgia de h\u00e9rnia inguinal e chegar a ficar na UTI. A sa\u00fade debilitada, no entanto, o fez \u201cdar o bra\u00e7o a torcer\u201d e passar o papel para um ator mais jovem. A temporada 2018 da Paix\u00e3o de Cristo do Recife chegou a ser cancelada, por falta de recursos. A produ\u00e7\u00e3o voltou atr\u00e1s e, pela primeira vez, a pe\u00e7a foi apresentada sem seu idealizador em cena.<\/div>\n<div style=\"background-color: white; box-sizing: border-box; line-height: 24px; margin-bottom: 10px; text-align: justify;\">\nO espet\u00e1culo de P\u00e1scoa, no entanto, n\u00e3o \u00e9 a \u00fanica obra de destaque no curr\u00edculo de Pimentel. Junto ao Teatro Adolescente do Recife (TAR), em 1956, ele integrou o elenco da primeira montagem de \u201cO auto da compadecida\u201d, de Ariano Suassuna, que obteve reconhecimento nacional. Como diretor e dramaturgo, produziu muitas pe\u00e7as sobre personagens e acontecimentos hist\u00f3ricos, como \u201cA batalha dos Guararapes\u201d, \u201cO calv\u00e1rio de Frei Caneca\u201d e \u201cO massacre de Angico \u2013 A morte de Lampi\u00e3o\u201d, seu \u00faltimo trabalho realizado.<\/div>\n<div style=\"background-color: white; box-sizing: border-box; line-height: 24px; margin-bottom: 10px; text-align: justify;\">\nA televis\u00e3o tamb\u00e9m esteve na trajet\u00f3ria deste pernambucano. Ele esteve no elenco de \u201cA mo\u00e7a do sobrado grande\u201d, telenovela de sucesso produzida pela TV Jornal, em 1967, e que chegou a ser exibida em S\u00e3o Paulo. Na d\u00e9cada de 1970, em plena ditadura militar, na mesma emissora. No in\u00edcio deste ano, a hist\u00f3ria de Pimentel foi contada na biografia \u201cJos\u00e9 Pimentel \u2013 Para al\u00e9m das paix\u00f5es\u201d, publicada pela Cepe Editora e escrita pelo jornalista pernambucano Cleodon Coelho.<\/div>\n<div style=\"background-color: white; box-sizing: border-box; line-height: 24px; margin-bottom: 10px; text-align: justify;\">\n<strong style=\"box-sizing: border-box;\">Do Portal FolhaPE<\/strong><\/div>\n","protected":false},"excerpt":{"rendered":"<p>Foto: Marlon Costa\/Pernambuco Press Morre, aos 84 anos, o ator Jos\u00e9 Pimentel, conhecido por interpretar Jesus na Paix\u00e3o de Cristo&hellip;<\/p>\n","protected":false},"author":1,"featured_media":0,"comment_status":"open","ping_status":"open","sticky":false,"template":"","format":"standard","meta":{"footnotes":""},"categories":[1],"tags":[2,1573,1574,6],"class_list":["post-1564","post","type-post","status-publish","format-standard","hentry","category-sem-categoria","tag-blog-do-edvaldo-magalhaes","tag-conhecido-por-interpretar-jesus","tag-morre-ator-e-diretor-jose-pimentel","tag-noticias"],"_links":{"self":[{"href":"https:\/\/blogdoedvaldomagalhaes.com.br\/index.php\/wp-json\/wp\/v2\/posts\/1564","targetHints":{"allow":["GET"]}}],"collection":[{"href":"https:\/\/blogdoedvaldomagalhaes.com.br\/index.php\/wp-json\/wp\/v2\/posts"}],"about":[{"href":"https:\/\/blogdoedvaldomagalhaes.com.br\/index.php\/wp-json\/wp\/v2\/types\/post"}],"author":[{"embeddable":true,"href":"https:\/\/blogdoedvaldomagalhaes.com.br\/index.php\/wp-json\/wp\/v2\/users\/1"}],"replies":[{"embeddable":true,"href":"https:\/\/blogdoedvaldomagalhaes.com.br\/index.php\/wp-json\/wp\/v2\/comments?post=1564"}],"version-history":[{"count":1,"href":"https:\/\/blogdoedvaldomagalhaes.com.br\/index.php\/wp-json\/wp\/v2\/posts\/1564\/revisions"}],"predecessor-version":[{"id":33391,"href":"https:\/\/blogdoedvaldomagalhaes.com.br\/index.php\/wp-json\/wp\/v2\/posts\/1564\/revisions\/33391"}],"wp:attachment":[{"href":"https:\/\/blogdoedvaldomagalhaes.com.br\/index.php\/wp-json\/wp\/v2\/media?parent=1564"}],"wp:term":[{"taxonomy":"category","embeddable":true,"href":"https:\/\/blogdoedvaldomagalhaes.com.br\/index.php\/wp-json\/wp\/v2\/categories?post=1564"},{"taxonomy":"post_tag","embeddable":true,"href":"https:\/\/blogdoedvaldomagalhaes.com.br\/index.php\/wp-json\/wp\/v2\/tags?post=1564"}],"curies":[{"name":"wp","href":"https:\/\/api.w.org\/{rel}","templated":true}]}}