{"id":1562,"date":"2018-08-14T15:52:00","date_gmt":"2018-08-14T18:52:00","guid":{"rendered":"http:\/\/blogdoedvaldomagalhaes.com.br\/index.php\/2018\/08\/14\/exames-oftalmologicos-oferecidos-nas\/"},"modified":"2019-02-09T02:27:50","modified_gmt":"2019-02-09T04:27:50","slug":"exames-oftalmologicos-oferecidos-nas","status":"publish","type":"post","link":"https:\/\/blogdoedvaldomagalhaes.com.br\/index.php\/2018\/08\/14\/exames-oftalmologicos-oferecidos-nas\/","title":{"rendered":"Exames oftalmol\u00f3gicos oferecidos nas escolas municipais de Caruaru, propositura de Lula Torres"},"content":{"rendered":"<div class=\"separator\" style=\"clear: both; text-align: center;\">\n<a href=\"https:\/\/4.bp.blogspot.com\/-r7lDiZ5aDGM\/W3L6btoiQ2I\/AAAAAAAA4LU\/0owLi3kGooEO-PtUfTiVGl4w7tJqLbOIACLcBGAs\/s1600\/oculos.jpg\" imageanchor=\"1\" style=\"margin-left: 1em; margin-right: 1em;\"><img loading=\"lazy\" decoding=\"async\" border=\"0\" data-original-height=\"667\" data-original-width=\"1000\" height=\"426\" src=\"http:\/\/blogdoedvaldomagalhaes.com.br\/wp-content\/uploads\/2018\/08\/oculos.jpg\" width=\"640\" \/><\/a><\/div>\n<div class=\"separator\" style=\"clear: both; text-align: center;\">\nImagem ilustrativa<\/div>\n<div style=\"background: white; margin-bottom: .0001pt; margin: 0cm; text-align: justify; vertical-align: baseline;\">\n<\/div>\n<div style=\"background: white; margin-bottom: .0001pt; margin: 0cm; text-align: justify; vertical-align: baseline;\">\nExames oftalmol\u00f3gicos que acontecem nas escolas municipais de<br \/>\nCaruaru foi propositura de Lula T\u00f4rres (PSDB) na C\u00e2mara Municipal.&nbsp;Cerca<br \/>\nde 10 mil alunos da rede municipal de educa\u00e7\u00e3o de Caruaru dever\u00e3o receber no<br \/>\nm\u00eas de agosto, a\u00e7\u00f5es de sa\u00fade ocular promovidas pelas secretarias municipais de<br \/>\neduca\u00e7\u00e3o e de sa\u00fade da cidade. Os exames oftalmol\u00f3gicos para identificar alunos<br \/>\ncom dificuldades na vis\u00e3o foram uma necessidade constatada pelo vereador Lula<br \/>\nT\u00f4rres (PSDB), que prop\u00f4s a realiza\u00e7\u00e3o dos exames nas institui\u00e7\u00f5es de ensino.<\/div>\n<div style=\"background: white; margin-bottom: .0001pt; margin: 0cm; text-align: justify; vertical-align: baseline;\">\n<\/div>\n<div style=\"font-style: inherit; font-weight: inherit; margin-bottom: 18.0pt; margin-left: 0cm; margin-right: 0cm; margin-top: 0cm; outline: 0px; text-align: justify; vertical-align: baseline;\">\nA propositura apresentada por Lula T\u00f4rres (PSDB) na C\u00e2mara de<br \/>\nCaruaru, foi aprovada no m\u00eas de fevereiro de 2018, e solicita uma parceria das<br \/>\nsecretarias de educa\u00e7\u00e3o e sa\u00fade, para a realiza\u00e7\u00e3o dos exames oftalmol\u00f3gicos<br \/>\nnas escolas da zona urbana e tamb\u00e9m da zona rural da Capital do Agreste.<\/div>\n<div style=\"font-style: inherit; font-weight: inherit; margin-bottom: 18.0pt; margin-left: 0cm; margin-right: 0cm; margin-top: 0cm; outline: 0px; text-align: justify; vertical-align: baseline;\">\nO fornecimento de \u00f3culos sem qualquer custo para os alunos que<br \/>\nnecessitem corrigir a vis\u00e3o, tamb\u00e9m \u00e9 realidade e faz parte da solicita\u00e7\u00e3o<br \/>\nfeita atrav\u00e9s do requerimento criado por Lula T\u00f4rres.<\/div>\n<div style=\"font-style: inherit; font-weight: inherit; margin-bottom: .0001pt; margin: 0cm; outline: 0px; text-align: justify; vertical-align: baseline;\">\nDe acordo<br \/>\ncom o vereador Lula T\u00f4rres, a educa\u00e7\u00e3o de Caruaru ganha mais esse refor\u00e7o para<br \/>\no ganho exponencial no rendimento dos estudantes em sala de aula. \u201cEm anos<br \/>\nanteriores, j\u00e1 hav\u00edamos feito essa solicita\u00e7\u00e3o e agora ela virou realidade. Os<br \/>\nnossos estudantes que necessitavam de corre\u00e7\u00e3o da vis\u00e3o agora poder\u00e3o ter<br \/>\nacesso a \u00f3culos, e dessa forma, ter mais rendimento na aprendizagem\u201d.<\/div>\n<div style=\"background-color: white; border: 0px; color: #4b4b4b; font-family: &quot;Open Sans&quot;, sans-serif; font-size: 16px; margin-bottom: 1.5em; outline: 0px; padding: 0px; vertical-align: baseline;\">\n<\/div>\n<div class=\"MsoNormal\" style=\"text-align: justify;\">\n<\/div>\n<div class=\"entry-cats-tags\" style=\"background-color: white; border: 0px; color: #4b4b4b; font-family: &quot;Open Sans&quot;, sans-serif; font-size: 12px; margin: 0px; outline: 0px; padding: 0px; vertical-align: baseline;\">\n<\/div>\n","protected":false},"excerpt":{"rendered":"<p>Imagem ilustrativa Exames oftalmol\u00f3gicos que acontecem nas escolas municipais de Caruaru foi propositura de Lula T\u00f4rres (PSDB) na C\u00e2mara Municipal.&nbsp;Cerca&hellip;<\/p>\n","protected":false},"author":1,"featured_media":0,"comment_status":"open","ping_status":"open","sticky":false,"template":"","format":"standard","meta":{"footnotes":""},"categories":[1],"tags":[2,1570,20,1571],"class_list":["post-1562","post","type-post","status-publish","format-standard","hentry","category-sem-categoria","tag-blog-do-edvaldo-magalhaes","tag-exames-oftalmologicos-oferecidos-nas-escolas-municipais-de-caruaru","tag-politica","tag-propositura-de-lula-torres"],"_links":{"self":[{"href":"https:\/\/blogdoedvaldomagalhaes.com.br\/index.php\/wp-json\/wp\/v2\/posts\/1562","targetHints":{"allow":["GET"]}}],"collection":[{"href":"https:\/\/blogdoedvaldomagalhaes.com.br\/index.php\/wp-json\/wp\/v2\/posts"}],"about":[{"href":"https:\/\/blogdoedvaldomagalhaes.com.br\/index.php\/wp-json\/wp\/v2\/types\/post"}],"author":[{"embeddable":true,"href":"https:\/\/blogdoedvaldomagalhaes.com.br\/index.php\/wp-json\/wp\/v2\/users\/1"}],"replies":[{"embeddable":true,"href":"https:\/\/blogdoedvaldomagalhaes.com.br\/index.php\/wp-json\/wp\/v2\/comments?post=1562"}],"version-history":[{"count":1,"href":"https:\/\/blogdoedvaldomagalhaes.com.br\/index.php\/wp-json\/wp\/v2\/posts\/1562\/revisions"}],"predecessor-version":[{"id":33396,"href":"https:\/\/blogdoedvaldomagalhaes.com.br\/index.php\/wp-json\/wp\/v2\/posts\/1562\/revisions\/33396"}],"wp:attachment":[{"href":"https:\/\/blogdoedvaldomagalhaes.com.br\/index.php\/wp-json\/wp\/v2\/media?parent=1562"}],"wp:term":[{"taxonomy":"category","embeddable":true,"href":"https:\/\/blogdoedvaldomagalhaes.com.br\/index.php\/wp-json\/wp\/v2\/categories?post=1562"},{"taxonomy":"post_tag","embeddable":true,"href":"https:\/\/blogdoedvaldomagalhaes.com.br\/index.php\/wp-json\/wp\/v2\/tags?post=1562"}],"curies":[{"name":"wp","href":"https:\/\/api.w.org\/{rel}","templated":true}]}}