{"id":1560,"date":"2018-08-14T23:17:00","date_gmt":"2018-08-15T02:17:00","guid":{"rendered":"http:\/\/blogdoedvaldomagalhaes.com.br\/index.php\/2018\/08\/14\/catedral-de-caruaru-completa-170-anos\/"},"modified":"2019-02-09T02:27:51","modified_gmt":"2019-02-09T04:27:51","slug":"catedral-de-caruaru-completa-170-anos","status":"publish","type":"post","link":"https:\/\/blogdoedvaldomagalhaes.com.br\/index.php\/2018\/08\/14\/catedral-de-caruaru-completa-170-anos\/","title":{"rendered":"Catedral de Caruaru completa 170 anos; Confira a programa\u00e7\u00e3o"},"content":{"rendered":"<div class=\"separator\" style=\"clear: both; text-align: center;\">\n<a href=\"https:\/\/3.bp.blogspot.com\/-5FTKwOF8sbo\/W3NioNt40EI\/AAAAAAAA4Mc\/tVKygTpADmM01CmBdMPw7jpiTI4M_YsBACLcBGAs\/s1600\/diocese.jpg\" imageanchor=\"1\" style=\"margin-left: 1em; margin-right: 1em;\"><img loading=\"lazy\" decoding=\"async\" border=\"0\" data-original-height=\"512\" data-original-width=\"512\" height=\"640\" src=\"http:\/\/blogdoedvaldomagalhaes.com.br\/wp-content\/uploads\/2018\/08\/diocese.jpg\" width=\"640\" \/><\/a><\/div>\n<div style=\"text-align: justify;\">\nNesta quinta-feira (16), a Par\u00f3quia de Nossa Senhora das Dores, Catedral da Diocese de Caruaru, celebra anivers\u00e1rio de 170 anos. Criada em 16 de agosto de 1848 a Par\u00f3quia de Nossa Senhora das Dores \u00e9 um marco da hist\u00f3ria e religiosidade da cidade.<\/div>\n<div style=\"text-align: justify;\">\n<\/div>\n<div style=\"text-align: justify;\">\nEm 07 de agosto de 1948 quando foi criada a Diocese de Caruaru, a matriz de Nossa Senhora das Dores foi elevada a categoria de Catedral. Uma programa\u00e7\u00e3o especial teve in\u00edcio no domingo (12) Missa Solene e Batismo de Adultos. At\u00e9 esta quarta est\u00e3o sendo realizados momentos formativos com os temas: Ano do laicato e documento 105 da CNBB, Maria nas Sagradas Escrituras e Espiritualidade e liturgia.&nbsp;<\/div>\n<div style=\"text-align: justify;\">\n<\/div>\n<div style=\"text-align: justify;\">\nNa quinta-feira (16) haver\u00e1 missas \u00e0s 7h e \u00e0s 12h, e adora\u00e7\u00e3o ao Sant\u00edssimo Sacramento durante todo o dia. \u00c0s 19h30, o bispo diocesano Dom Bernardino Marchi\u00f3 presidir\u00e1 a missa solene e sacramento da crisma aos adultos. Em seguida haver\u00e1 um momento de homenagem aos que fizeram a hist\u00f3ria da par\u00f3quia e o corte do bolo para toda a comunidade.<\/div>\n<div style=\"text-align: justify;\">\n<\/div>\n","protected":false},"excerpt":{"rendered":"<p>Nesta quinta-feira (16), a Par\u00f3quia de Nossa Senhora das Dores, Catedral da Diocese de Caruaru, celebra anivers\u00e1rio de 170 anos.&hellip;<\/p>\n","protected":false},"author":1,"featured_media":0,"comment_status":"open","ping_status":"open","sticky":false,"template":"","format":"standard","meta":{"footnotes":""},"categories":[1],"tags":[2,1566,1567,1568,6],"class_list":["post-1560","post","type-post","status-publish","format-standard","hentry","category-sem-categoria","tag-blog-do-edvaldo-magalhaes","tag-catedral-de-caruaru-completa-170-anos-confira-a-programacao","tag-dom-bernardino-marchio","tag-dom-dino","tag-noticias"],"_links":{"self":[{"href":"https:\/\/blogdoedvaldomagalhaes.com.br\/index.php\/wp-json\/wp\/v2\/posts\/1560","targetHints":{"allow":["GET"]}}],"collection":[{"href":"https:\/\/blogdoedvaldomagalhaes.com.br\/index.php\/wp-json\/wp\/v2\/posts"}],"about":[{"href":"https:\/\/blogdoedvaldomagalhaes.com.br\/index.php\/wp-json\/wp\/v2\/types\/post"}],"author":[{"embeddable":true,"href":"https:\/\/blogdoedvaldomagalhaes.com.br\/index.php\/wp-json\/wp\/v2\/users\/1"}],"replies":[{"embeddable":true,"href":"https:\/\/blogdoedvaldomagalhaes.com.br\/index.php\/wp-json\/wp\/v2\/comments?post=1560"}],"version-history":[{"count":1,"href":"https:\/\/blogdoedvaldomagalhaes.com.br\/index.php\/wp-json\/wp\/v2\/posts\/1560\/revisions"}],"predecessor-version":[{"id":33402,"href":"https:\/\/blogdoedvaldomagalhaes.com.br\/index.php\/wp-json\/wp\/v2\/posts\/1560\/revisions\/33402"}],"wp:attachment":[{"href":"https:\/\/blogdoedvaldomagalhaes.com.br\/index.php\/wp-json\/wp\/v2\/media?parent=1560"}],"wp:term":[{"taxonomy":"category","embeddable":true,"href":"https:\/\/blogdoedvaldomagalhaes.com.br\/index.php\/wp-json\/wp\/v2\/categories?post=1560"},{"taxonomy":"post_tag","embeddable":true,"href":"https:\/\/blogdoedvaldomagalhaes.com.br\/index.php\/wp-json\/wp\/v2\/tags?post=1560"}],"curies":[{"name":"wp","href":"https:\/\/api.w.org\/{rel}","templated":true}]}}