{"id":1559,"date":"2018-08-14T23:21:00","date_gmt":"2018-08-15T02:21:00","guid":{"rendered":"http:\/\/blogdoedvaldomagalhaes.com.br\/index.php\/2018\/08\/14\/qualifica-caruaru-com-cursos-gratuitos\/"},"modified":"2019-02-09T02:27:51","modified_gmt":"2019-02-09T04:27:51","slug":"qualifica-caruaru-com-cursos-gratuitos","status":"publish","type":"post","link":"https:\/\/blogdoedvaldomagalhaes.com.br\/index.php\/2018\/08\/14\/qualifica-caruaru-com-cursos-gratuitos\/","title":{"rendered":"Qualifica Caruaru com cursos gratuitos ser\u00e1 lan\u00e7ado nesta quarta-feira (15)"},"content":{"rendered":"<div class=\"separator\" style=\"clear: both; text-align: center;\">\n<a href=\"https:\/\/2.bp.blogspot.com\/-36Xoi9xQkBs\/W3NjU5u4doI\/AAAAAAAA4Mk\/71F2TXtbC2wT4NqMfNNvd4Nnc9QJ9yzUgCLcBGAs\/s1600\/qualifica.jpg\" imageanchor=\"1\" style=\"margin-left: 1em; margin-right: 1em;\"><img loading=\"lazy\" decoding=\"async\" border=\"0\" data-original-height=\"512\" data-original-width=\"512\" height=\"640\" src=\"http:\/\/blogdoedvaldomagalhaes.com.br\/wp-content\/uploads\/2018\/08\/qualifica.jpg\" width=\"640\" \/><\/a><\/div>\n<div style=\"text-align: justify;\">\n<\/div>\n<div style=\"text-align: justify;\">\nA Prefeitura de Caruaru lan\u00e7a nesta quarta-feira (15), o Qualifica Caruaru. O projeto tem o objetivo de tornar o munic\u00edpio mais inclusivo, escolarizado e competitivo, oferecendo cursos gratuitos de qualifica\u00e7\u00e3o profissional para a popula\u00e7\u00e3o. A solenidade acontecer\u00e1 no Teatro Difusora, \u00e0s 09h, e contar\u00e1 com uma palestra de Arnaldo Xavier, empres\u00e1rio e fundador da empresa Rota do Mar.<\/div>\n<div style=\"text-align: justify;\">\n<\/div>\n<div style=\"text-align: justify;\">\nUma equipe da prefeitura estar\u00e1 presente no evento, para realizar as inscri\u00e7\u00f5es dos candidatos aos cursos que ser\u00e3o oferecidos em diversas \u00e1reas. Quem estiver interessado poder\u00e1 aproveitar a oportunidade e j\u00e1 se inscrever na hora. \u00c9 preciso levar um documento com foto.<\/div>\n<div style=\"text-align: justify;\">\n<\/div>\n<div style=\"text-align: justify;\">\nO Qualifica Caruaru \u00e9 um programa da Prefeitura, que visa oferecer novos conhecimentos para favorecer o ingresso, manuten\u00e7\u00e3o ou reingresso dos candidatos ao mercado de trabalho local, ampliando o potencial de empregabilidade dos profissionais. A iniciativa envolve as secretarias de Desenvolvimento Econ\u00f4mico\/ Economia Criativa, Pol\u00edticas para Mulheres, Desenvolvimento Social e Direitos Humanos, Sustentabilidade e Desenvolvimento Rural, e Educa\u00e7\u00e3o.<\/div>\n<div style=\"text-align: justify;\">\n<\/div>\n","protected":false},"excerpt":{"rendered":"<p>A Prefeitura de Caruaru lan\u00e7a nesta quarta-feira (15), o Qualifica Caruaru. O projeto tem o objetivo de tornar o munic\u00edpio&hellip;<\/p>\n","protected":false},"author":1,"featured_media":0,"comment_status":"open","ping_status":"open","sticky":false,"template":"","format":"standard","meta":{"footnotes":""},"categories":[1],"tags":[2,20,1565],"class_list":["post-1559","post","type-post","status-publish","format-standard","hentry","category-sem-categoria","tag-blog-do-edvaldo-magalhaes","tag-politica","tag-qualifica-caruaru-com-cursos-gratuitos-sera-lancado-nesta-quarta-feira-15"],"_links":{"self":[{"href":"https:\/\/blogdoedvaldomagalhaes.com.br\/index.php\/wp-json\/wp\/v2\/posts\/1559","targetHints":{"allow":["GET"]}}],"collection":[{"href":"https:\/\/blogdoedvaldomagalhaes.com.br\/index.php\/wp-json\/wp\/v2\/posts"}],"about":[{"href":"https:\/\/blogdoedvaldomagalhaes.com.br\/index.php\/wp-json\/wp\/v2\/types\/post"}],"author":[{"embeddable":true,"href":"https:\/\/blogdoedvaldomagalhaes.com.br\/index.php\/wp-json\/wp\/v2\/users\/1"}],"replies":[{"embeddable":true,"href":"https:\/\/blogdoedvaldomagalhaes.com.br\/index.php\/wp-json\/wp\/v2\/comments?post=1559"}],"version-history":[{"count":1,"href":"https:\/\/blogdoedvaldomagalhaes.com.br\/index.php\/wp-json\/wp\/v2\/posts\/1559\/revisions"}],"predecessor-version":[{"id":33404,"href":"https:\/\/blogdoedvaldomagalhaes.com.br\/index.php\/wp-json\/wp\/v2\/posts\/1559\/revisions\/33404"}],"wp:attachment":[{"href":"https:\/\/blogdoedvaldomagalhaes.com.br\/index.php\/wp-json\/wp\/v2\/media?parent=1559"}],"wp:term":[{"taxonomy":"category","embeddable":true,"href":"https:\/\/blogdoedvaldomagalhaes.com.br\/index.php\/wp-json\/wp\/v2\/categories?post=1559"},{"taxonomy":"post_tag","embeddable":true,"href":"https:\/\/blogdoedvaldomagalhaes.com.br\/index.php\/wp-json\/wp\/v2\/tags?post=1559"}],"curies":[{"name":"wp","href":"https:\/\/api.w.org\/{rel}","templated":true}]}}