{"id":1558,"date":"2018-08-14T23:25:00","date_gmt":"2018-08-15T02:25:00","guid":{"rendered":"http:\/\/blogdoedvaldomagalhaes.com.br\/index.php\/2018\/08\/14\/perigos-do-cigarro-saude-serao\/"},"modified":"2019-02-09T02:27:51","modified_gmt":"2019-02-09T04:27:51","slug":"perigos-do-cigarro-saude-serao","status":"publish","type":"post","link":"https:\/\/blogdoedvaldomagalhaes.com.br\/index.php\/2018\/08\/14\/perigos-do-cigarro-saude-serao\/","title":{"rendered":"Perigos do cigarro \u00e0 sa\u00fade ser\u00e3o debatidos no Sesc Caruaru nesta quarta-feira (15)"},"content":{"rendered":"<div class=\"separator\" style=\"clear: both; text-align: center;\">\n<a href=\"https:\/\/2.bp.blogspot.com\/-Z6CPcfWkL_E\/W3NkTPyG1MI\/AAAAAAAA4Mw\/DSaDuGZbBiUrdaBjW0qmnxzPeG_GJ4zXgCLcBGAs\/s1600\/fiuno.jpg\" imageanchor=\"1\" style=\"margin-left: 1em; margin-right: 1em;\"><img loading=\"lazy\" decoding=\"async\" border=\"0\" data-original-height=\"341\" data-original-width=\"512\" height=\"426\" src=\"http:\/\/blogdoedvaldomagalhaes.com.br\/wp-content\/uploads\/2018\/08\/fiuno.jpg\" width=\"640\" \/><\/a><\/div>\n<div style=\"text-align: justify;\">\n<\/div>\n<div style=\"text-align: justify;\">\nO tabagismo, ser\u00e1 tema de uma palestra no Sesc Caruaru nesta quarta-feira (15\/08). O encontro gratuito, que ter\u00e1 como convidado o cardiologista Rodrigo Costa, \u00e9 aberto ao p\u00fablico e vai acontecer na Sala da Terceira Idade, \u00e0s 19h30.<\/div>\n<div style=\"text-align: justify;\">\n<\/div>\n<div style=\"text-align: justify;\">\nO m\u00e9dico vai falar sobre as doen\u00e7as associadas ao uso do cigarro e o combate ao tabagismo. Segundo a Organiza\u00e7\u00e3o Mundial de Sa\u00fade (OMS), o tabagismo \u00e9 respons\u00e1vel por 63% das mortes relacionadas \u00e0s doen\u00e7as cr\u00f4nicas n\u00e3o transmiss\u00edveis. Destas, 85% s\u00e3o por doen\u00e7a pulmonar cr\u00f4nica (bronquite e enfisema), 30% por diversos tipos de c\u00e2ncer (pulm\u00e3o, boca, laringe, faringe, es\u00f4fago, p\u00e2ncreas, rim, bexiga, colo de \u00fatero, est\u00f4mago e f\u00edgado), 25% por doen\u00e7a coronariana (angina e infarto) e 25% por doen\u00e7as cerebrovasculares (acidente vascular cerebral).<\/div>\n<div style=\"text-align: justify;\">\n<\/div>\n<div style=\"text-align: justify;\">\nO consumo de tabaco e seus derivados mata milh\u00f5es de pessoas a cada ano. A estimativa \u00e9 de que, em 2030, o tabaco matar\u00e1 cerca de 8 milh\u00f5es por ano, sendo que 80% dessas mortes ocorrer\u00e3o nos pa\u00edses da baixa e m\u00e9dia renda.&nbsp;<\/div>\n<div style=\"text-align: justify;\">\n<\/div>\n<div style=\"text-align: justify;\">\n<\/div>\n<div style=\"text-align: justify;\">\n<\/div>\n","protected":false},"excerpt":{"rendered":"<p>O tabagismo, ser\u00e1 tema de uma palestra no Sesc Caruaru nesta quarta-feira (15\/08). O encontro gratuito, que ter\u00e1 como convidado&hellip;<\/p>\n","protected":false},"author":1,"featured_media":0,"comment_status":"open","ping_status":"open","sticky":false,"template":"","format":"standard","meta":{"footnotes":""},"categories":[1],"tags":[2,6,1564],"class_list":["post-1558","post","type-post","status-publish","format-standard","hentry","category-sem-categoria","tag-blog-do-edvaldo-magalhaes","tag-noticias","tag-perigos-do-cigarro-a-saude-serao-debatidos-no-sesc-caruaru-nesta-quarta-feira-15"],"_links":{"self":[{"href":"https:\/\/blogdoedvaldomagalhaes.com.br\/index.php\/wp-json\/wp\/v2\/posts\/1558","targetHints":{"allow":["GET"]}}],"collection":[{"href":"https:\/\/blogdoedvaldomagalhaes.com.br\/index.php\/wp-json\/wp\/v2\/posts"}],"about":[{"href":"https:\/\/blogdoedvaldomagalhaes.com.br\/index.php\/wp-json\/wp\/v2\/types\/post"}],"author":[{"embeddable":true,"href":"https:\/\/blogdoedvaldomagalhaes.com.br\/index.php\/wp-json\/wp\/v2\/users\/1"}],"replies":[{"embeddable":true,"href":"https:\/\/blogdoedvaldomagalhaes.com.br\/index.php\/wp-json\/wp\/v2\/comments?post=1558"}],"version-history":[{"count":1,"href":"https:\/\/blogdoedvaldomagalhaes.com.br\/index.php\/wp-json\/wp\/v2\/posts\/1558\/revisions"}],"predecessor-version":[{"id":33406,"href":"https:\/\/blogdoedvaldomagalhaes.com.br\/index.php\/wp-json\/wp\/v2\/posts\/1558\/revisions\/33406"}],"wp:attachment":[{"href":"https:\/\/blogdoedvaldomagalhaes.com.br\/index.php\/wp-json\/wp\/v2\/media?parent=1558"}],"wp:term":[{"taxonomy":"category","embeddable":true,"href":"https:\/\/blogdoedvaldomagalhaes.com.br\/index.php\/wp-json\/wp\/v2\/categories?post=1558"},{"taxonomy":"post_tag","embeddable":true,"href":"https:\/\/blogdoedvaldomagalhaes.com.br\/index.php\/wp-json\/wp\/v2\/tags?post=1558"}],"curies":[{"name":"wp","href":"https:\/\/api.w.org\/{rel}","templated":true}]}}