{"id":1557,"date":"2018-08-14T23:37:00","date_gmt":"2018-08-15T02:37:00","guid":{"rendered":"http:\/\/blogdoedvaldomagalhaes.com.br\/index.php\/2018\/08\/14\/categoria-decide-acatar-proposta-do-ts\/"},"modified":"2019-02-09T02:27:53","modified_gmt":"2019-02-09T04:27:53","slug":"categoria-decide-acatar-proposta-do-ts","status":"publish","type":"post","link":"https:\/\/blogdoedvaldomagalhaes.com.br\/index.php\/2018\/08\/14\/categoria-decide-acatar-proposta-do-ts\/","title":{"rendered":"Categoria decide acatar proposta do TST e n\u00e3o paralisa atividades nos Correios"},"content":{"rendered":"<div class=\"separator\" style=\"clear: both; text-align: center;\">\n<a href=\"https:\/\/2.bp.blogspot.com\/-tZxF7couJm4\/W3NnZFNyP9I\/AAAAAAAA4M8\/r3PHcjE5hn4JzjGcBxUkBk3mHMM3cykMwCLcBGAs\/s1600\/1.jpeg\" imageanchor=\"1\" style=\"margin-left: 1em; margin-right: 1em;\"><img loading=\"lazy\" decoding=\"async\" border=\"0\" data-original-height=\"774\" data-original-width=\"1032\" height=\"480\" src=\"http:\/\/blogdoedvaldomagalhaes.com.br\/wp-content\/uploads\/2018\/08\/1-1.jpeg\" width=\"640\" \/><\/a><\/div>\n<div style=\"text-align: justify;\">\n<\/div>\n<div style=\"text-align: justify;\">\nReunidos em assembleia, na sede do Sindicato dos Trabalhadores da Empresa de Correios e Tel\u00e9grafos em Pernambuco (SINTECT-PE), no Recife, e nas subsedes do Agreste (Caruaru) e Sert\u00e3o (Petrolina), a categoria decidiu acatar a proposta da empresa, com media\u00e7\u00e3o do Tribunal Regional do Trabalho (TRT), e n\u00e3o deflagrar a greve. &#8220;De acordo com o Comando Nacional de Negocia\u00e7\u00e3o, a proposta n\u00e3o \u00e9 das melhores, mas, na atual conjuntura, os trabalhadores decidiram aceitar a manuten\u00e7\u00e3o de todos os direitos conquistados em anos anteriores&#8221;, disse o secret\u00e1rio-geral do SINTECT-PE, Rinaldo Nascimento.<\/p>\n<\/div>\n<div style=\"text-align: justify;\">\n<div class=\"separator\" style=\"clear: both; text-align: center;\">\n<a href=\"https:\/\/1.bp.blogspot.com\/-6NaaWNFzkhI\/W3No1Rsft4I\/AAAAAAAA4NM\/0oBAPXGlno8vub4ksmXHu9xkIvtdSSrIwCLcBGAs\/s1600\/2.jpeg\" imageanchor=\"1\" style=\"margin-left: 1em; margin-right: 1em;\"><img loading=\"lazy\" decoding=\"async\" border=\"0\" data-original-height=\"774\" data-original-width=\"1032\" height=\"480\" src=\"http:\/\/blogdoedvaldomagalhaes.com.br\/wp-content\/uploads\/2018\/08\/2-1.jpeg\" width=\"640\" \/><\/a><\/div>\n<p><\/div>\n<div style=\"text-align: justify;\">\nA proposta do TST foi repor as perdas inflacion\u00e1rias nos sal\u00e1rios e demais benef\u00edcios, com percentual 3,68%, calculado pelo INPC, e manter integralmente as cl\u00e1usulas do Acordo Coletivo de Trabalho (ACT) 2017\/2018. &#8220;As Federa\u00e7\u00f5es (FENTECT e FINDECT) pediram esclarecimentos sobre o cl\u00e1usula 28 (que trata do Postal Sa\u00fade, assist\u00eancia m\u00e9dica da categoria), e o Tribunal explicou que vai permanecer o custeio e ser\u00e1 aguardado o processo, que ainda n\u00e3o teve tr\u00e2nsito em julgado&#8221;, explicou \u00e0 assembleia, no Recife, o assessor jur\u00eddico do SINTECT-PE, Benjamin Veloso. As federa\u00e7\u00f5es v\u00e3o entrar com procedimento de media\u00e7\u00e3o pr\u00e9-processual referente \u00e0 abusividade no custeio do plano de sa\u00fade e a perman\u00eancia de pais e m\u00e3es na cobertura, medida tamb\u00e9m aprovada pela assembleia.<\/p>\n<\/div>\n<div style=\"text-align: justify;\">\n<div class=\"separator\" style=\"clear: both; text-align: center;\">\n<a href=\"https:\/\/2.bp.blogspot.com\/-_EzH51nyJ7M\/W3No6bmvuAI\/AAAAAAAA4NQ\/-0d0wHouMQgSB5UBtrANxEteUoaDnGs4gCLcBGAs\/s1600\/1.jpeg\" imageanchor=\"1\" style=\"margin-left: 1em; margin-right: 1em;\"><img loading=\"lazy\" decoding=\"async\" border=\"0\" data-original-height=\"774\" data-original-width=\"1032\" height=\"480\" src=\"http:\/\/blogdoedvaldomagalhaes.com.br\/wp-content\/uploads\/2018\/08\/1-2.jpeg\" width=\"640\" \/><\/a><\/div>\n<p><\/div>\n<div style=\"text-align: justify;\">\nA situa\u00e7\u00e3o em que os Correios est\u00e3o n\u00e3o pode ser camuflada: o progressivo sucateamento da empresa, a deteriora\u00e7\u00e3o das condi\u00e7\u00f5es de trabalho e o consequente preju\u00edzo ao servi\u00e7o prestado \u00e0 sociedade. \u00c9 necess\u00e1rio que se diga que a categoria tem os sal\u00e1rios mais baixos do funcionalismo p\u00fablico federal e as novas medidas com rela\u00e7\u00e3o ao Postal Sa\u00fade n\u00e3o apenas inviabilizam o custeio por parte dos funcion\u00e1rios como retira a cobertura os genitores, pais e m\u00e3es, que tinham o direito assegurado at\u00e9 ent\u00e3o, e perder\u00e3o o plano a partir de 1\u00b0 de agosto de 2019. &#8220;A cobran\u00e7a da mensalidade e a coparticipa\u00e7\u00e3o est\u00e1 onerando demais os trabalhadores e trabalhadoras. H\u00e1 casos em que chega a comprometer 70% do sal\u00e1rio l\u00edquido&#8221;, refor\u00e7a o diretor de Comunica\u00e7\u00e3o do SINTECT-PE, Eliomar Macaxeira. &#8220;Vai chegar uma \u00e9poca em que vamos trabalhar apenas para pagar o plano de sa\u00fade, e vamos acabar devendo&#8221;, reiterou Rinaldo Nascimento.<\/div>\n<div style=\"text-align: justify;\">\n<\/div>\n<div style=\"text-align: justify;\">\nO SINTECT-PE, assim como demais sindicatos pelo Pa\u00eds e federa\u00e7\u00f5es que representam a categoria, continuar\u00e3o buscando retomar os direitos dos ecetistas e n\u00e3o abrir\u00e3o m\u00e3o das conquistas hist\u00f3ricas adquiridas ao longo da hist\u00f3ria.<\/div>\n<div style=\"text-align: justify;\">\n<\/div>\n","protected":false},"excerpt":{"rendered":"<p>Reunidos em assembleia, na sede do Sindicato dos Trabalhadores da Empresa de Correios e Tel\u00e9grafos em Pernambuco (SINTECT-PE), no Recife,&hellip;<\/p>\n","protected":false},"author":1,"featured_media":0,"comment_status":"open","ping_status":"open","sticky":false,"template":"","format":"standard","meta":{"footnotes":""},"categories":[1],"tags":[2,1563,6],"class_list":["post-1557","post","type-post","status-publish","format-standard","hentry","category-sem-categoria","tag-blog-do-edvaldo-magalhaes","tag-categoria-decide-acatar-proposta-do-tst-e-nao-paralisa-atividades-nos-correios","tag-noticias"],"_links":{"self":[{"href":"https:\/\/blogdoedvaldomagalhaes.com.br\/index.php\/wp-json\/wp\/v2\/posts\/1557","targetHints":{"allow":["GET"]}}],"collection":[{"href":"https:\/\/blogdoedvaldomagalhaes.com.br\/index.php\/wp-json\/wp\/v2\/posts"}],"about":[{"href":"https:\/\/blogdoedvaldomagalhaes.com.br\/index.php\/wp-json\/wp\/v2\/types\/post"}],"author":[{"embeddable":true,"href":"https:\/\/blogdoedvaldomagalhaes.com.br\/index.php\/wp-json\/wp\/v2\/users\/1"}],"replies":[{"embeddable":true,"href":"https:\/\/blogdoedvaldomagalhaes.com.br\/index.php\/wp-json\/wp\/v2\/comments?post=1557"}],"version-history":[{"count":1,"href":"https:\/\/blogdoedvaldomagalhaes.com.br\/index.php\/wp-json\/wp\/v2\/posts\/1557\/revisions"}],"predecessor-version":[{"id":33410,"href":"https:\/\/blogdoedvaldomagalhaes.com.br\/index.php\/wp-json\/wp\/v2\/posts\/1557\/revisions\/33410"}],"wp:attachment":[{"href":"https:\/\/blogdoedvaldomagalhaes.com.br\/index.php\/wp-json\/wp\/v2\/media?parent=1557"}],"wp:term":[{"taxonomy":"category","embeddable":true,"href":"https:\/\/blogdoedvaldomagalhaes.com.br\/index.php\/wp-json\/wp\/v2\/categories?post=1557"},{"taxonomy":"post_tag","embeddable":true,"href":"https:\/\/blogdoedvaldomagalhaes.com.br\/index.php\/wp-json\/wp\/v2\/tags?post=1557"}],"curies":[{"name":"wp","href":"https:\/\/api.w.org\/{rel}","templated":true}]}}