{"id":1556,"date":"2018-08-14T23:39:00","date_gmt":"2018-08-15T02:39:00","guid":{"rendered":"http:\/\/blogdoedvaldomagalhaes.com.br\/index.php\/2018\/08\/14\/radio-liberdade-prepara-debate-co\/"},"modified":"2019-02-09T02:27:53","modified_gmt":"2019-02-09T04:27:53","slug":"radio-liberdade-prepara-debate-co","status":"publish","type":"post","link":"https:\/\/blogdoedvaldomagalhaes.com.br\/index.php\/2018\/08\/14\/radio-liberdade-prepara-debate-co\/","title":{"rendered":"R\u00e1dio Liberdade prepara debate com candidatos ao Governo de Pernambuco"},"content":{"rendered":"<div class=\"separator\" style=\"clear: both; text-align: center;\">\n<a href=\"https:\/\/1.bp.blogspot.com\/-dxrwBrvwg3w\/W3NoMc2QH9I\/AAAAAAAA4NE\/hDkWn4qQ8VUxFwJ2ypdKJeyg-KcoA4s-QCLcBGAs\/s1600\/f%25C3%25A9.jpg\" imageanchor=\"1\" style=\"margin-left: 1em; margin-right: 1em;\"><img loading=\"lazy\" decoding=\"async\" border=\"0\" data-original-height=\"375\" data-original-width=\"500\" height=\"480\" src=\"http:\/\/blogdoedvaldomagalhaes.com.br\/wp-content\/uploads\/2018\/08\/fC3A9.jpg\" width=\"640\" \/><\/a><\/div>\n<div class=\"separator\" style=\"clear: both; text-align: center;\">\nFoto: Fernanda Oliveira\/R\u00e1dio Liberdade<\/div>\n<div style=\"text-align: justify;\">\n<\/div>\n<div style=\"text-align: justify;\">\nA R\u00e1dio Liberdade ir\u00e1 realizar, no dia 18 de setembro, um debate com quatro candidatos ao Governo de Pernambuco. A sabatina seguir\u00e1 a Lei 9.504\/2017, no artigo 46, que considera aptos os candidatos das coliga\u00e7\u00f5es com no m\u00ednimo cinco representantes no Congresso Nacional.<\/div>\n<div style=\"text-align: justify;\">\n<\/div>\n<div style=\"text-align: justify;\">\nAs regras foram discutidas em reuni\u00e3o nesta ter\u00e7a-feira (14), com a participa\u00e7\u00e3o de representantes das coliga\u00e7\u00f5es \u201cA ESPERAN\u00c7A N\u00c3O TEM MEDO\u201d, da candidata Dani Portela (PSOL); \u201cFRENTE POPULAR DE PERNAMBUCO\u201d, de Paulo C\u00e2mara (PSB); \u201cO PERNAMBUCO QUE VOC\u00ca QUER\u201d, do candidato Maur\u00edcio Rands (PROS); e \u201cPERNAMBUCO VAI MUDAR\u201d, de Armando Monteiro Neto (PTB).<\/div>\n<div style=\"text-align: justify;\">\n<\/div>\n<div style=\"text-align: justify;\">\nDe acordo com a produ\u00e7\u00e3o, o debate ter\u00e1 cinco blocos, com confrontos diretos entre os postulantes. Ser\u00e1 no Sest Senat, das 9h \u00e0s 12h.<\/div>\n<div style=\"text-align: justify;\">\n<\/div>\n","protected":false},"excerpt":{"rendered":"<p>Foto: Fernanda Oliveira\/R\u00e1dio Liberdade A R\u00e1dio Liberdade ir\u00e1 realizar, no dia 18 de setembro, um debate com quatro candidatos ao&hellip;<\/p>\n","protected":false},"author":1,"featured_media":0,"comment_status":"open","ping_status":"open","sticky":false,"template":"","format":"standard","meta":{"footnotes":""},"categories":[1],"tags":[2,20,1562],"class_list":["post-1556","post","type-post","status-publish","format-standard","hentry","category-sem-categoria","tag-blog-do-edvaldo-magalhaes","tag-politica","tag-radio-liberdade-prepara-debate-com-candidatos-ao-governo-de-pernambuco"],"_links":{"self":[{"href":"https:\/\/blogdoedvaldomagalhaes.com.br\/index.php\/wp-json\/wp\/v2\/posts\/1556","targetHints":{"allow":["GET"]}}],"collection":[{"href":"https:\/\/blogdoedvaldomagalhaes.com.br\/index.php\/wp-json\/wp\/v2\/posts"}],"about":[{"href":"https:\/\/blogdoedvaldomagalhaes.com.br\/index.php\/wp-json\/wp\/v2\/types\/post"}],"author":[{"embeddable":true,"href":"https:\/\/blogdoedvaldomagalhaes.com.br\/index.php\/wp-json\/wp\/v2\/users\/1"}],"replies":[{"embeddable":true,"href":"https:\/\/blogdoedvaldomagalhaes.com.br\/index.php\/wp-json\/wp\/v2\/comments?post=1556"}],"version-history":[{"count":1,"href":"https:\/\/blogdoedvaldomagalhaes.com.br\/index.php\/wp-json\/wp\/v2\/posts\/1556\/revisions"}],"predecessor-version":[{"id":33412,"href":"https:\/\/blogdoedvaldomagalhaes.com.br\/index.php\/wp-json\/wp\/v2\/posts\/1556\/revisions\/33412"}],"wp:attachment":[{"href":"https:\/\/blogdoedvaldomagalhaes.com.br\/index.php\/wp-json\/wp\/v2\/media?parent=1556"}],"wp:term":[{"taxonomy":"category","embeddable":true,"href":"https:\/\/blogdoedvaldomagalhaes.com.br\/index.php\/wp-json\/wp\/v2\/categories?post=1556"},{"taxonomy":"post_tag","embeddable":true,"href":"https:\/\/blogdoedvaldomagalhaes.com.br\/index.php\/wp-json\/wp\/v2\/tags?post=1556"}],"curies":[{"name":"wp","href":"https:\/\/api.w.org\/{rel}","templated":true}]}}