{"id":1555,"date":"2018-08-15T10:18:00","date_gmt":"2018-08-15T13:18:00","guid":{"rendered":"http:\/\/blogdoedvaldomagalhaes.com.br\/index.php\/2018\/08\/15\/caruaru-casal-e-sequestrado-e-homem-e\/"},"modified":"2019-02-09T02:27:54","modified_gmt":"2019-02-09T04:27:54","slug":"caruaru-casal-e-sequestrado-e-homem-e","status":"publish","type":"post","link":"https:\/\/blogdoedvaldomagalhaes.com.br\/index.php\/2018\/08\/15\/caruaru-casal-e-sequestrado-e-homem-e\/","title":{"rendered":"Caruaru: casal \u00e9 sequestrado e homem \u00e9 baleado durante assalto"},"content":{"rendered":"<div class=\"separator\" style=\"clear: both; text-align: center;\">\n<a href=\"https:\/\/4.bp.blogspot.com\/-tS9BLjGZifc\/W3P9q5A71RI\/AAAAAAAA4Ng\/naNhp6v9gAwaGXxAoLt9UUe0pAuxNsVaACLcBGAs\/s1600\/moto.jpg\" imageanchor=\"1\" style=\"margin-left: 1em; margin-right: 1em;\"><img loading=\"lazy\" decoding=\"async\" border=\"0\" data-original-height=\"290\" data-original-width=\"477\" height=\"388\" src=\"http:\/\/blogdoedvaldomagalhaes.com.br\/wp-content\/uploads\/2018\/08\/moto.jpg\" width=\"640\" \/><\/a><\/div>\n<p><\/p>\n<div class=\"post_text\" itemprop=\"description\" style=\"background-color: white; box-sizing: border-box;\">\n<div style=\"box-sizing: border-box; line-height: 24px; margin-bottom: 10px; text-align: justify;\">\nUm homem de 43 anos foi baleado durante um assalto, na tarde desta ter\u00e7a-feira (14), no bairro Jardim Panorama, em Caruaru. Edinaldo Ferreira Flor\u00eancio estava em uma motocicleta quando foi abordado por dois bandidos. Mesmo sem reagir, um dos assaltantes atirou e atingiu um bra\u00e7o da v\u00edtima, que foi socorrida pelo Samu para a UPA do bairro Boa Vista.<\/div>\n<div style=\"box-sizing: border-box; line-height: 24px; margin-bottom: 10px; text-align: justify;\">\nOs marginais foram flagrados pelo circuito interno de uma das casas da rua. Eles abandonaram a moto em um matagal.<\/div>\n<div style=\"box-sizing: border-box; line-height: 24px; margin-bottom: 10px; text-align: justify;\">\n<strong style=\"box-sizing: border-box;\">Sequestro<\/strong><\/div>\n<div style=\"box-sizing: border-box; line-height: 24px; margin-bottom: 10px; text-align: justify;\">\nUm casal residente em Caruaru foi sequestrado na tarde desta ter\u00e7a, na BR-104, quando passava por Cachoeira Seca, zona rural do munic\u00edpio. As v\u00edtimas estavam em um ve\u00edculo Fox branco quando foram interceptadas por dois homens em um Fiat Uno. Um dos bandidos entrou no carro do casal e o outro foi seguindo.<\/div>\n<div style=\"box-sizing: border-box; line-height: 24px; margin-bottom: 10px; text-align: justify;\">\nO casal foi liberado em Bezerros e os bandidos fugiram com o carro pela PE-103, sentido Bonito. Policiais do 4\u00ba BPM e do BIEsp tentam localizar e prender os assaltantes.<\/div>\n<div style=\"box-sizing: border-box; line-height: 24px; margin-bottom: 10px; text-align: justify;\">\n<\/div>\n<div style=\"box-sizing: border-box; line-height: 24px; margin-bottom: 10px; text-align: justify;\">\nFonte: R\u00e1dio Liberdade.<\/div>\n<\/div>\n","protected":false},"excerpt":{"rendered":"<p>Um homem de 43 anos foi baleado durante um assalto, na tarde desta ter\u00e7a-feira (14), no bairro Jardim Panorama, em&hellip;<\/p>\n","protected":false},"author":1,"featured_media":0,"comment_status":"open","ping_status":"open","sticky":false,"template":"","format":"standard","meta":{"footnotes":""},"categories":[1],"tags":[2,1561,13],"class_list":["post-1555","post","type-post","status-publish","format-standard","hentry","category-sem-categoria","tag-blog-do-edvaldo-magalhaes","tag-caruaru-casal-e-sequestrado-e-homem-e-baleado-durante-assalto","tag-policial"],"_links":{"self":[{"href":"https:\/\/blogdoedvaldomagalhaes.com.br\/index.php\/wp-json\/wp\/v2\/posts\/1555","targetHints":{"allow":["GET"]}}],"collection":[{"href":"https:\/\/blogdoedvaldomagalhaes.com.br\/index.php\/wp-json\/wp\/v2\/posts"}],"about":[{"href":"https:\/\/blogdoedvaldomagalhaes.com.br\/index.php\/wp-json\/wp\/v2\/types\/post"}],"author":[{"embeddable":true,"href":"https:\/\/blogdoedvaldomagalhaes.com.br\/index.php\/wp-json\/wp\/v2\/users\/1"}],"replies":[{"embeddable":true,"href":"https:\/\/blogdoedvaldomagalhaes.com.br\/index.php\/wp-json\/wp\/v2\/comments?post=1555"}],"version-history":[{"count":1,"href":"https:\/\/blogdoedvaldomagalhaes.com.br\/index.php\/wp-json\/wp\/v2\/posts\/1555\/revisions"}],"predecessor-version":[{"id":33414,"href":"https:\/\/blogdoedvaldomagalhaes.com.br\/index.php\/wp-json\/wp\/v2\/posts\/1555\/revisions\/33414"}],"wp:attachment":[{"href":"https:\/\/blogdoedvaldomagalhaes.com.br\/index.php\/wp-json\/wp\/v2\/media?parent=1555"}],"wp:term":[{"taxonomy":"category","embeddable":true,"href":"https:\/\/blogdoedvaldomagalhaes.com.br\/index.php\/wp-json\/wp\/v2\/categories?post=1555"},{"taxonomy":"post_tag","embeddable":true,"href":"https:\/\/blogdoedvaldomagalhaes.com.br\/index.php\/wp-json\/wp\/v2\/tags?post=1555"}],"curies":[{"name":"wp","href":"https:\/\/api.w.org\/{rel}","templated":true}]}}