{"id":1554,"date":"2018-08-15T10:20:00","date_gmt":"2018-08-15T13:20:00","guid":{"rendered":"http:\/\/blogdoedvaldomagalhaes.com.br\/index.php\/2018\/08\/15\/folha-de-pernambuco-divulga-primeira\/"},"modified":"2019-02-09T02:27:54","modified_gmt":"2019-02-09T04:27:54","slug":"folha-de-pernambuco-divulga-primeira","status":"publish","type":"post","link":"https:\/\/blogdoedvaldomagalhaes.com.br\/index.php\/2018\/08\/15\/folha-de-pernambuco-divulga-primeira\/","title":{"rendered":"Folha de Pernambuco divulga primeira pesquisa para o Governo, em parceria com o Ipespe"},"content":{"rendered":"<div class=\"separator\" style=\"clear: both; text-align: center;\">\n<a href=\"https:\/\/4.bp.blogspot.com\/-2Z2TPet64Xg\/W3P-HLnSl9I\/AAAAAAAA4No\/DG7alFsfIF8qgNLyO808EYhrKZYmOlaqACLcBGAs\/s1600\/pesquisa.jpg\" imageanchor=\"1\" style=\"margin-left: 1em; margin-right: 1em;\"><img loading=\"lazy\" decoding=\"async\" border=\"0\" data-original-height=\"522\" data-original-width=\"930\" height=\"354\" src=\"http:\/\/blogdoedvaldomagalhaes.com.br\/wp-content\/uploads\/2018\/08\/pesquisa.jpg\" width=\"640\" \/><\/a><\/div>\n<p><\/p>\n<div style=\"background-color: white; box-sizing: border-box; line-height: 24px; margin-bottom: 10px; text-align: justify;\">\nNa&nbsp;<strong style=\"box-sizing: border-box;\">primeira pesquisa de inten\u00e7\u00e3o de votos<\/strong>&nbsp;realizada pelo Instituto de Pesquisas Sociais, Pol\u00edticas e Econ\u00f4micas (<strong style=\"box-sizing: border-box;\">Ipespe<\/strong>), divulgada em parceria com a&nbsp;<strong style=\"box-sizing: border-box;\">Folha de Pernambuco nesta quarta-feira (15)<\/strong>, o governador&nbsp;<strong style=\"box-sizing: border-box;\">Paulo C\u00e2mara (PSB)<\/strong>, candidato \u00e0 reelei\u00e7\u00e3o, est\u00e1 na frente com 30%, liderando nominalmente a disputa. O senador&nbsp;<strong style=\"box-sizing: border-box;\">Armando Monteiro Neto (PTB)&nbsp;<\/strong>surge em segundo lugar, com 24%, no limite da margem de erro, que \u00e9 3,5 pontos percentuais. Os demais nomes aparecem com percentuais distantes.<\/div>\n<div style=\"background-color: white; box-sizing: border-box; line-height: 24px; margin-bottom: 10px; text-align: justify;\">\nA pesquisa foi realizada entre os dias 11 e 13 de agosto, por telefone, ouvindo 800 pessoas, definindo cotas de sexo, idade, localidade, instru\u00e7\u00e3o e renda. A margem de erro \u00e9 de 3,5 pontos percentuais para mais ou para menos, com um intervalo de confian\u00e7a de 95,45%. Como manda a lei, o levantamento foi registrado no&nbsp;<strong style=\"box-sizing: border-box;\">Tribunal Superior Eleitoral<\/strong>&nbsp;(TSE) sob os n\u00fameros de protocolo BR-06973\/2018 e PE-07336\/2018 e fez a seguinte pergunta: \u201cSe a elei\u00e7\u00e3o para Governador de Pernambuco fosse hoje e os candidatos fossem esses que vou ler, em quem o(a) Sr(a) votaria para Governador?\u201d.<\/div>\n<div style=\"background-color: white; box-sizing: border-box; line-height: 24px; margin-bottom: 10px; text-align: justify;\">\nO ex-deputado federal&nbsp;<strong style=\"box-sizing: border-box;\">Maur\u00edcio Rands<\/strong>&nbsp;(PROS), que apresentou sua candidatura no final do prazo das conven\u00e7\u00f5es partid\u00e1rias, apareceu na pesquisa estimulada com 4% das inten\u00e7\u00f5es de voto. J\u00e1 a advogada&nbsp;<strong style=\"box-sizing: border-box;\">Danielle Portela<\/strong>&nbsp;(PSOL) e o ex-prefeito de Petrolina&nbsp;<strong style=\"box-sizing: border-box;\">J\u00falio L\u00f3ssio<\/strong>(Rede) pontuaram 3% cada.&nbsp;<strong style=\"box-sizing: border-box;\">Simone Fontana<\/strong>, do PSTU, teve 2% das men\u00e7\u00f5es. Brancos, nulos ou \u201cnenhum\u201d representam 27% dos entrevistados. J\u00e1 os indecisos ou os que n\u00e3o responderam aparecem com 8%.<\/div>\n<div style=\"background-color: white; box-sizing: border-box; line-height: 24px; margin-bottom: 10px; text-align: justify;\">\n<\/div>\n<div class=\"separator\" style=\"clear: both; text-align: center;\">\n<a href=\"https:\/\/4.bp.blogspot.com\/-wUl2qne9KQw\/W3P-UBY6jOI\/AAAAAAAA4Ns\/nAWnO1m-OHQe2ZyucZYXBaIBoguE1WD4gCLcBGAs\/s1600\/senado.jpg\" imageanchor=\"1\" style=\"margin-left: 1em; margin-right: 1em;\"><img loading=\"lazy\" decoding=\"async\" border=\"0\" data-original-height=\"200\" data-original-width=\"300\" height=\"426\" src=\"http:\/\/blogdoedvaldomagalhaes.com.br\/wp-content\/uploads\/2018\/08\/senado.jpg\" width=\"640\" \/><\/a><\/div>\n<div style=\"background-color: white; box-sizing: border-box; line-height: 24px; margin-bottom: 10px; text-align: justify;\">\n<\/div>\n<div style=\"text-align: justify;\">\n<div style=\"background-color: white; box-sizing: border-box; line-height: 24px; margin-bottom: 10px; text-align: justify;\">\n<strong style=\"box-sizing: border-box;\">Resultado para o senado:<\/strong><\/div>\n<div style=\"background-color: white; box-sizing: border-box; line-height: 24px; margin-bottom: 10px; text-align: justify;\">\nJarbas \u2013 23%<\/div>\n<div style=\"background-color: white; box-sizing: border-box; line-height: 24px; margin-bottom: 10px; text-align: justify;\">\nMendonca \u2013 17%<\/div>\n<div style=\"background-color: white; box-sizing: border-box; line-height: 24px; margin-bottom: 10px; text-align: justify;\">\nHumberto \u2013 15%<\/div>\n<div style=\"background-color: white; box-sizing: border-box; line-height: 24px; margin-bottom: 10px; text-align: justify;\">\nSilvio Costa \u2013 6%<\/div>\n<div style=\"background-color: white; box-sizing: border-box; line-height: 24px; margin-bottom: 10px; text-align: justify;\">\nBruno Ara\u00fajo \u2013 5%<\/div>\n<div style=\"background-color: white; box-sizing: border-box; line-height: 24px; margin-bottom: 10px; text-align: justify;\">\nDemais candidatos \u2013 6%<\/div>\n<div style=\"background-color: white; box-sizing: border-box; line-height: 24px; margin-bottom: 10px; text-align: justify;\">\nNenhum\/branco\/nulo \u2013 22%<\/div>\n<div style=\"background-color: white; box-sizing: border-box; line-height: 24px; margin-bottom: 10px; text-align: justify;\">\nN\u00e3o sabe\/n\u00e3o respondeu \u2013 6%<\/div>\n<div style=\"background-color: white; box-sizing: border-box; line-height: 24px; margin-bottom: 10px; text-align: justify;\">\n<\/div>\n<div style=\"background-color: white; box-sizing: border-box; line-height: 24px; margin-bottom: 10px; text-align: justify;\">\n<strong style=\"box-sizing: border-box;\">Do Blog da FolhaPE<\/strong><\/div>\n<\/div>\n","protected":false},"excerpt":{"rendered":"<p>Na&nbsp;primeira pesquisa de inten\u00e7\u00e3o de votos&nbsp;realizada pelo Instituto de Pesquisas Sociais, Pol\u00edticas e Econ\u00f4micas (Ipespe), divulgada em parceria com a&nbsp;Folha&hellip;<\/p>\n","protected":false},"author":1,"featured_media":0,"comment_status":"open","ping_status":"open","sticky":false,"template":"","format":"standard","meta":{"footnotes":""},"categories":[1],"tags":[2,1559,1560,20],"class_list":["post-1554","post","type-post","status-publish","format-standard","hentry","category-sem-categoria","tag-blog-do-edvaldo-magalhaes","tag-em-parceria-com-o-ipespe","tag-folha-de-pernambuco-divulga-primeira-pesquisa-para-o-governo","tag-politica"],"_links":{"self":[{"href":"https:\/\/blogdoedvaldomagalhaes.com.br\/index.php\/wp-json\/wp\/v2\/posts\/1554","targetHints":{"allow":["GET"]}}],"collection":[{"href":"https:\/\/blogdoedvaldomagalhaes.com.br\/index.php\/wp-json\/wp\/v2\/posts"}],"about":[{"href":"https:\/\/blogdoedvaldomagalhaes.com.br\/index.php\/wp-json\/wp\/v2\/types\/post"}],"author":[{"embeddable":true,"href":"https:\/\/blogdoedvaldomagalhaes.com.br\/index.php\/wp-json\/wp\/v2\/users\/1"}],"replies":[{"embeddable":true,"href":"https:\/\/blogdoedvaldomagalhaes.com.br\/index.php\/wp-json\/wp\/v2\/comments?post=1554"}],"version-history":[{"count":1,"href":"https:\/\/blogdoedvaldomagalhaes.com.br\/index.php\/wp-json\/wp\/v2\/posts\/1554\/revisions"}],"predecessor-version":[{"id":33417,"href":"https:\/\/blogdoedvaldomagalhaes.com.br\/index.php\/wp-json\/wp\/v2\/posts\/1554\/revisions\/33417"}],"wp:attachment":[{"href":"https:\/\/blogdoedvaldomagalhaes.com.br\/index.php\/wp-json\/wp\/v2\/media?parent=1554"}],"wp:term":[{"taxonomy":"category","embeddable":true,"href":"https:\/\/blogdoedvaldomagalhaes.com.br\/index.php\/wp-json\/wp\/v2\/categories?post=1554"},{"taxonomy":"post_tag","embeddable":true,"href":"https:\/\/blogdoedvaldomagalhaes.com.br\/index.php\/wp-json\/wp\/v2\/tags?post=1554"}],"curies":[{"name":"wp","href":"https:\/\/api.w.org\/{rel}","templated":true}]}}