{"id":1553,"date":"2018-08-15T17:47:00","date_gmt":"2018-08-15T20:47:00","guid":{"rendered":"http:\/\/blogdoedvaldomagalhaes.com.br\/index.php\/2018\/08\/15\/definido-tema-do-desfile-civico-de-7-de\/"},"modified":"2019-02-09T02:27:54","modified_gmt":"2019-02-09T04:27:54","slug":"definido-tema-do-desfile-civico-de-7-de","status":"publish","type":"post","link":"https:\/\/blogdoedvaldomagalhaes.com.br\/index.php\/2018\/08\/15\/definido-tema-do-desfile-civico-de-7-de\/","title":{"rendered":"Definido tema do Desfile C\u00edvico de 7 de Setembro em Caruaru"},"content":{"rendered":"<div class=\"separator\" style=\"clear: both; text-align: center;\">\n<a href=\"https:\/\/1.bp.blogspot.com\/--MbhzP7I3oo\/W3Rm2HFgCxI\/AAAAAAAA4Ok\/jmFlw7NDR0ogbfbDzODyGEBfwBcwJnd7gCLcBGAs\/s1600\/foto.jpg\" imageanchor=\"1\" style=\"margin-left: 1em; margin-right: 1em;\"><img loading=\"lazy\" decoding=\"async\" border=\"0\" data-original-height=\"225\" data-original-width=\"300\" height=\"480\" src=\"http:\/\/blogdoedvaldomagalhaes.com.br\/wp-content\/uploads\/2018\/08\/foto-5.jpg\" width=\"640\" \/><\/a><\/div>\n<div class=\"separator\" style=\"clear: both; text-align: center;\">\nFoto: Divulga\u00e7\u00e3o<\/div>\n<div class=\"separator\" style=\"clear: both; text-align: center;\">\n<\/div>\n<div class=\"post_text\" itemprop=\"description\" style=\"background-color: white; box-sizing: border-box;\">\n<div style=\"box-sizing: border-box; line-height: 24px; margin-bottom: 10px; text-align: justify;\">\nA Secretaria de Educa\u00e7\u00e3o de Caruaru realizou a primeira reuni\u00e3o geral que discutiu e alinhou as diretrizes para a organiza\u00e7\u00e3o e estrutura\u00e7\u00e3o do&nbsp;Desfile C\u00edvico de 7 de Setembro. Participaram do encontro o secret\u00e1rio de Educa\u00e7\u00e3o, Rubenildo Moura, e representantes de diversas entidades e associa\u00e7\u00f5es municipais.<\/div>\n<div style=\"box-sizing: border-box; line-height: 24px; margin-bottom: 10px; text-align: justify;\">\nDurante a reuni\u00e3o, ficou definido que o tema para este ano \u00e9 \u201cCaruaru e seu mundo cultural\u201d. Foi acertado, tamb\u00e9m, que participar\u00e3o do desfile escolas p\u00fablicas e privadas, entidades e associa\u00e7\u00f5es, que homenagear\u00e3o cem artistas das mais diversas linguagens art\u00edsticas, incluindo dan\u00e7a, m\u00fasica, teatro e artes visuais.<\/div>\n<div style=\"box-sizing: border-box; line-height: 24px; margin-bottom: 10px; text-align: justify;\">\nO Desfile C\u00edvico ser\u00e1 realizado no mesmo local dos anos anteriores, na Avenida Rui Barbosa.<\/div>\n<div style=\"box-sizing: border-box; line-height: 24px; margin-bottom: 10px; text-align: justify;\">\n<\/div>\n<\/div>\n","protected":false},"excerpt":{"rendered":"<p>Foto: Divulga\u00e7\u00e3o A Secretaria de Educa\u00e7\u00e3o de Caruaru realizou a primeira reuni\u00e3o geral que discutiu e alinhou as diretrizes para&hellip;<\/p>\n","protected":false},"author":1,"featured_media":0,"comment_status":"open","ping_status":"open","sticky":false,"template":"","format":"standard","meta":{"footnotes":""},"categories":[1],"tags":[2,1558,6],"class_list":["post-1553","post","type-post","status-publish","format-standard","hentry","category-sem-categoria","tag-blog-do-edvaldo-magalhaes","tag-definido-tema-do-desfile-civico-de-7-de-setembro-em-caruaru","tag-noticias"],"_links":{"self":[{"href":"https:\/\/blogdoedvaldomagalhaes.com.br\/index.php\/wp-json\/wp\/v2\/posts\/1553","targetHints":{"allow":["GET"]}}],"collection":[{"href":"https:\/\/blogdoedvaldomagalhaes.com.br\/index.php\/wp-json\/wp\/v2\/posts"}],"about":[{"href":"https:\/\/blogdoedvaldomagalhaes.com.br\/index.php\/wp-json\/wp\/v2\/types\/post"}],"author":[{"embeddable":true,"href":"https:\/\/blogdoedvaldomagalhaes.com.br\/index.php\/wp-json\/wp\/v2\/users\/1"}],"replies":[{"embeddable":true,"href":"https:\/\/blogdoedvaldomagalhaes.com.br\/index.php\/wp-json\/wp\/v2\/comments?post=1553"}],"version-history":[{"count":1,"href":"https:\/\/blogdoedvaldomagalhaes.com.br\/index.php\/wp-json\/wp\/v2\/posts\/1553\/revisions"}],"predecessor-version":[{"id":33419,"href":"https:\/\/blogdoedvaldomagalhaes.com.br\/index.php\/wp-json\/wp\/v2\/posts\/1553\/revisions\/33419"}],"wp:attachment":[{"href":"https:\/\/blogdoedvaldomagalhaes.com.br\/index.php\/wp-json\/wp\/v2\/media?parent=1553"}],"wp:term":[{"taxonomy":"category","embeddable":true,"href":"https:\/\/blogdoedvaldomagalhaes.com.br\/index.php\/wp-json\/wp\/v2\/categories?post=1553"},{"taxonomy":"post_tag","embeddable":true,"href":"https:\/\/blogdoedvaldomagalhaes.com.br\/index.php\/wp-json\/wp\/v2\/tags?post=1553"}],"curies":[{"name":"wp","href":"https:\/\/api.w.org\/{rel}","templated":true}]}}