{"id":1552,"date":"2018-08-15T17:49:00","date_gmt":"2018-08-15T20:49:00","guid":{"rendered":"http:\/\/blogdoedvaldomagalhaes.com.br\/index.php\/2018\/08\/15\/balanco-dos-homicidios-no-mes-de-julho\/"},"modified":"2019-02-09T02:27:55","modified_gmt":"2019-02-09T04:27:55","slug":"balanco-dos-homicidios-no-mes-de-julho","status":"publish","type":"post","link":"https:\/\/blogdoedvaldomagalhaes.com.br\/index.php\/2018\/08\/15\/balanco-dos-homicidios-no-mes-de-julho\/","title":{"rendered":"Balan\u00e7o dos homic\u00eddios no m\u00eas de julho em Pernambuco, divulgado pela SDS"},"content":{"rendered":"<div class=\"separator\" style=\"clear: both; text-align: center;\">\n<a href=\"https:\/\/2.bp.blogspot.com\/-qffRuBJ_tG8\/W3RncoL-dYI\/AAAAAAAA4Os\/h-ktk-NXKw4PS2U-KjocYiPdXa7jUxXOwCLcBGAs\/s1600\/iml.jpg\" imageanchor=\"1\" style=\"margin-left: 1em; margin-right: 1em;\"><img loading=\"lazy\" decoding=\"async\" border=\"0\" data-original-height=\"431\" data-original-width=\"768\" height=\"354\" src=\"http:\/\/blogdoedvaldomagalhaes.com.br\/wp-content\/uploads\/2018\/08\/iml-1.jpg\" width=\"640\" \/><\/a><\/div>\n<div class=\"separator\" style=\"clear: both; text-align: center;\">\nFoto: Josias Souza\/Sem Meias Palavras<\/div>\n<div class=\"separator\" style=\"clear: both; text-align: center;\">\n<\/div>\n<div style=\"background-color: white; box-sizing: border-box; line-height: 24px; margin-bottom: 10px; text-align: justify;\">\nDe acordo com balan\u00e7o divulgado nesta quarta-feira (15) pela Secretaria de Defesa Social (SDS), julho de 2018 foi o oitavo m\u00eas consecutivo com redu\u00e7\u00e3o do n\u00famero de Crimes Violentos Letais Intencionais (CVLIs) em compara\u00e7\u00e3o com o m\u00eas equivalente de 2017. Ao todo, registraram-se 341 homic\u00eddios, 105 a menos do que julho do ano passado \u2013 uma diminui\u00e7\u00e3o de 24%. O m\u00eas teve, ainda, a menor m\u00e9dia di\u00e1ria de homic\u00eddios em Pernambuco em 2018 (11 ocorr\u00eancias por dia), tornando-se o menos violento do ano sob esse crit\u00e9rio.<\/div>\n<div style=\"background-color: white; box-sizing: border-box; line-height: 24px; margin-bottom: 10px; text-align: justify;\">\nNo conjunto de janeiro a julho deste ano, a queda no n\u00famero de CVLIs chegou a 21%. Em 2017, aconteceram 3.321 crimes violentos contra a vida nesses sete meses, enquanto em 2018 houve 2.625. Significa dizer que, de um ano para o outro, j\u00e1 s\u00e3o 696 vidas salvas. Ao mesmo tempo, as pol\u00edcias pernambucanas est\u00e3o prendendo mais criminosos: em julho, obtiveram a pris\u00e3o de 191 homicidas. Dessas, 70 foram pris\u00f5es em flagrante, contra 57 em 2017, e 121 por mandados judiciais cumpridos.<\/div>\n<div style=\"background-color: white; box-sizing: border-box; line-height: 24px; margin-bottom: 10px; text-align: justify;\">\n<strong style=\"box-sizing: border-box;\">REGI\u00d5ES<\/strong>&nbsp;\u2013 Quanto \u00e0s regi\u00f5es do Estado, todas conquistaram redu\u00e7\u00f5es nas estat\u00edsticas tanto em julho como no somat\u00f3rio dos sete meses. O Agreste teve o melhor desempenho em ambos os recortes: caiu 31,71% no m\u00eas (de 123 para 84 homic\u00eddios) e 27,52% de janeiro a julho (de 883 para 640). Nas demais regi\u00f5es, os dados de homic\u00eddios tamb\u00e9m baixaram nesse intervalo entre o primeiro e o s\u00e9timo m\u00eas de 2018: a capital teve -25,47% CVLIs em compara\u00e7\u00e3o com o per\u00edodo equivalente em 2017 (de 483 para 360); no restante da Regi\u00e3o Metropolitana do Recife, o decl\u00ednio foi de 18,58% (de 969 para 789); o Sert\u00e3o registrou -15,1% (de 357 para 302); e a Zona da Mata passou de 629 para 534 casos (-14,94%).<\/div>\n<div style=\"background-color: white; box-sizing: border-box; line-height: 24px; margin-bottom: 10px; text-align: justify;\">\n\u201cO trabalho integrado de todos os que fazem o Pacto pela Vida tem vencido dificuldades e trazido resultados desde o segundo semestre de 2017, que j\u00e1 tinha mostrado indicadores abaixo dos seis primeiros meses anteriores (-11,23%). A curva descendente est\u00e1 completando oito meses consecutivos de queda nos CVLIs em Pernambuco, no comparativo com os mesmos meses do ano anterior, e esse cen\u00e1rio nos motiva a atuar com cada vez mais afinco para chegar a patamares ainda mais baixos. Uma das estrat\u00e9gias da SDS para reduzir os homic\u00eddios \u00e9 a intensifica\u00e7\u00e3o das investiga\u00e7\u00f5es e opera\u00e7\u00f5es para desarticula\u00e7\u00e3o de grupos criminosos e o combate ao tr\u00e1fico de drogas, haja vista que cerca de 70% dos homic\u00eddios est\u00e3o ligados a atividades criminais\u201d, ressalta o secret\u00e1rio de Defesa Social, Antonio de P\u00e1dua.<\/div>\n<div style=\"background-color: white; box-sizing: border-box; line-height: 24px; margin-bottom: 10px; text-align: justify;\">\n<strong style=\"box-sizing: border-box;\">MOTIVA\u00c7\u00d5ES DOS CVLIS E SITUA\u00c7\u00c3O PENAL DAS V\u00cdTIMAS<\/strong>&nbsp;\u2013 Al\u00e9m do tr\u00e1fico de drogas e outras atividades criminosas, aos quais se atribuem 70,53% dos homic\u00eddios praticados de janeiro a julho de 2018 em Pernambuco, a segunda maior motiva\u00e7\u00e3o para os CVLIs no estado nesse per\u00edodo foram os conflitos na comunidade (16,64%). Em seguida v\u00eam os excludentes de ilicitude previstos na lei penal \u2013 quando n\u00e3o h\u00e1 crime \u2013, com 4,07%, os conflitos afetivos ou familiares (exceto feminic\u00eddio), com 2,82%, e o feminic\u00eddio, que acometeu 1,49% das v\u00edtimas de mortes violentas nesse intervalo. Em 37% dos casos, as v\u00edtimas tinham passagem pelo sistema de justi\u00e7a criminal.<\/div>\n<div style=\"background-color: white; box-sizing: border-box; line-height: 24px; margin-bottom: 10px; text-align: justify;\">\n<strong style=\"box-sizing: border-box;\">HOMIC\u00cdDIO ZERO<\/strong>&nbsp;\u2013 Dos 184 munic\u00edpios pernambucanos (al\u00e9m do distrito de Fernando de Noronha), 86 n\u00e3o computaram nenhum homic\u00eddio durante os 31 dias de julho. No Sert\u00e3o, por exemplo, n\u00e3o se cometeu crime violento contra a vida em nove datas (dias 1, 9, 10, 13, 15, 19, 24, 25 e 26). Al\u00e9m disso, 78 munic\u00edpios alcan\u00e7aram redu\u00e7\u00e3o nos \u00edndices de CVLI em rela\u00e7\u00e3o a julho de 2017.<\/div>\n<div style=\"background-color: white; box-sizing: border-box; line-height: 24px; margin-bottom: 10px; text-align: justify;\">\nDa mesma forma, diversas \u00c1reas Integradas de Seguran\u00e7a (AIS) apresentaram, em julho de 2018, seus melhores \u00edndices mensais dos \u00faltimos anos. Por exemplo, a AIS 17, que tem Santa Cruz do Capibaribe como base, contou 6 CVLIs, a menor marca dos \u00faltimos 71 meses, maior apenas do que agosto de 2012. Tamb\u00e9m a AIS 23, sediada em Salgueiro, teve um homic\u00eddio, n\u00famero mais baixo desde agosto de 2014, quando n\u00e3o houve nenhum crime desse tipo. Na AIS 12 (Vit\u00f3ria de Santo Ant\u00e3o), os 13 CVLIs de julho foram o menor quantitativo desde junho de 2015. E a AIS 22, da regi\u00e3o de Floresta, atingiu o menor n\u00famero de homic\u00eddios desde fevereiro de 2016, com dois casos.<\/div>\n<div style=\"background-color: white; box-sizing: border-box; line-height: 24px; margin-bottom: 10px; text-align: justify;\">\n<strong style=\"box-sizing: border-box;\">MENOS FEMINIC\u00cdDIOS<\/strong>&nbsp;\u2013 O n\u00famero de v\u00edtimas de feminic\u00eddio seguiu a tend\u00eancia de queda em julho e no total dos sete meses deste ano. No m\u00eas, esse indicador reduziu em 25%, caindo de 8 casos em julho de 2017 para 6 no mesmo m\u00eas em 2018. Entre janeiro e julho, a varia\u00e7\u00e3o foi de -19% no comparativo entre os anos: em 2017, 48 mulheres foram v\u00edtimas de feminic\u00eddio nesse per\u00edodo, enquanto este ano contabilizaram-se 39 v\u00edtimas.<\/div>\n<div style=\"background-color: white; box-sizing: border-box; line-height: 24px; margin-bottom: 10px; text-align: justify;\">\nPor outro lado, subiu o quantitativo de den\u00fancias de estupro e de viol\u00eancia dom\u00e9stica e familiar contra a mulher. O primeiro indicador aumentou em 15% (de 151 para 174 ocorr\u00eancias) em julho, na compara\u00e7\u00e3o com o mesmo m\u00eas de 2017. J\u00e1 o de viol\u00eancia dom\u00e9stica elevou-se em 19% (de 2.547 para 3.086). Na compila\u00e7\u00e3o dos sete meses, as den\u00fancias de estupro tiveram incremento de 10% (de 1.287 para 1.412) e as de viol\u00eancia dom\u00e9stica, de 19%, passando de 18.755 para 22.307.<\/div>\n<div style=\"background-color: white; box-sizing: border-box; line-height: 24px; margin-bottom: 10px; text-align: justify;\">\nOs dados indicam que as mulheres v\u00edtimas desses tipos de crime est\u00e3o mais encorajadas a denunciar os autores dos crimes e permitir a investiga\u00e7\u00e3o da Pol\u00edcia Civil, uma vez que esse tipo de crime (exceto contra menores de 18 anos e vulner\u00e1veis) precisa da den\u00fancia da v\u00edtima para ser investigado.<\/div>\n<div style=\"background-color: white; box-sizing: border-box; line-height: 24px; margin-bottom: 10px; text-align: justify;\">\n<strong style=\"box-sizing: border-box;\">Confira os 85 munic\u00edpios e 1 distrito com CVLI Zero em julho de 2018:<\/strong><\/div>\n<div style=\"background-color: white; box-sizing: border-box; line-height: 24px; margin-bottom: 10px; text-align: justify;\">\nAfogados da Ingazeira, Afr\u00e2nio, Agrestina, Alagoinha, Bel\u00e9m de Maria, Bel\u00e9m de S\u00e3o Francisco, Bet\u00e2nia, Bodoc\u00f3, Brej\u00e3o, Brejinho, Buenos Aires, Bu\u00edque, Cabrob\u00f3, Cal\u00e7ado, Calumbi, Camocim de S\u00e3o F\u00e9lix, Carna\u00edba, Carnaubeira da Penha, Cachoeirinha, Caet\u00e9s, Camutanga, Cedro, Ch\u00e3 de Alegria, Correntes, Cumaru, Fernando de Noronha (distrito), Ferreiros, Frei Miguelinho, Gameleira, Gl\u00f3ria do Goit\u00e1, Iati, Ibimirim, Ibirajuba, Iguaracy, Inaj\u00e1, Ipubi, Itacuruba, Itapetim, Itaquitinga, Jata\u00faba, Jatob\u00e1, Jo\u00e3o Alfredo, Joaquim Nabuco, Jucati, Jupi, Lagoa do Ouro, Limoeiro, Macaparana, Manari, Mirandiba, Moreil\u00e2ndia, Orob\u00f3, Oroc\u00f3, Palmeirina, Passira, Pedra, Petrol\u00e2ndia, Quipap\u00e1, Quixaba, Salgadinho, Salgueiro, Salo\u00e1, Sanhar\u00f3, Santa Cruz, Santa Cruz da Baixa Verde, Santa Filomena, Santa Maria do Cambuc\u00e1, Santa Terezinha, S\u00e3o Benedito do Sul, S\u00e3o Jo\u00e3o, S\u00e3o Jos\u00e9 do Belmonte, S\u00e3o Jos\u00e9 do Egito, S\u00e3o Vicente F\u00e9rrer, Serra Talhada, Serrita, Solid\u00e3o, Tacaimb\u00f3, Terezinha, Terra Nova, Tracunha\u00e9m, Triunfo, Tupanatinga, Tuparetama, Verdejante, Vertente do L\u00e9rio e Vertentes.<\/div>\n<div style=\"background-color: white; box-sizing: border-box; line-height: 24px; margin-bottom: 10px; text-align: justify;\">\n<strong style=\"box-sizing: border-box;\">Confira os 18 munic\u00edpios com CVLI Zero de janeiro a julho de 2018:<\/strong><\/div>\n<div style=\"background-color: white; box-sizing: border-box; line-height: 24px; margin-bottom: 10px; text-align: justify;\">\nBrejinho, Buenos Aires, Calumbi, Carnaubeira da Penha, Cedo, Fernando de Noronha, Ibirajuba, Itacuruba, Jata\u00faba, Quixaba, Salgadinho, Sanhar\u00f3, Santa Cruz, Santa Filomena, Santa Terezinha, Serrita, Solid\u00e3o e Tuparetama.<\/p>\n<div class=\"separator\" style=\"clear: both; text-align: center;\">\n<a href=\"https:\/\/1.bp.blogspot.com\/-45mRo8gKLlY\/W3Rn3SwxlII\/AAAAAAAA4O4\/Wq8Lf5pJfusEc8gllGvDj-cVIQ1k4ceDwCLcBGAs\/s1600\/quadsro.jpg\" imageanchor=\"1\" style=\"margin-left: 1em; margin-right: 1em;\"><img loading=\"lazy\" decoding=\"async\" border=\"0\" data-original-height=\"492\" data-original-width=\"827\" height=\"380\" src=\"http:\/\/blogdoedvaldomagalhaes.com.br\/wp-content\/uploads\/2018\/08\/quadsro.jpg\" width=\"640\" \/><\/a><\/div>\n<p><\/div>\n","protected":false},"excerpt":{"rendered":"<p>Foto: Josias Souza\/Sem Meias Palavras De acordo com balan\u00e7o divulgado nesta quarta-feira (15) pela Secretaria de Defesa Social (SDS), julho&hellip;<\/p>\n","protected":false},"author":1,"featured_media":0,"comment_status":"open","ping_status":"open","sticky":false,"template":"","format":"standard","meta":{"footnotes":""},"categories":[1],"tags":[1556,2,1557,13],"class_list":["post-1552","post","type-post","status-publish","format-standard","hentry","category-sem-categoria","tag-balanco-dos-homicidios-no-mes-de-julho-em-pernambuco","tag-blog-do-edvaldo-magalhaes","tag-divulgado-pela-sds","tag-policial"],"_links":{"self":[{"href":"https:\/\/blogdoedvaldomagalhaes.com.br\/index.php\/wp-json\/wp\/v2\/posts\/1552","targetHints":{"allow":["GET"]}}],"collection":[{"href":"https:\/\/blogdoedvaldomagalhaes.com.br\/index.php\/wp-json\/wp\/v2\/posts"}],"about":[{"href":"https:\/\/blogdoedvaldomagalhaes.com.br\/index.php\/wp-json\/wp\/v2\/types\/post"}],"author":[{"embeddable":true,"href":"https:\/\/blogdoedvaldomagalhaes.com.br\/index.php\/wp-json\/wp\/v2\/users\/1"}],"replies":[{"embeddable":true,"href":"https:\/\/blogdoedvaldomagalhaes.com.br\/index.php\/wp-json\/wp\/v2\/comments?post=1552"}],"version-history":[{"count":1,"href":"https:\/\/blogdoedvaldomagalhaes.com.br\/index.php\/wp-json\/wp\/v2\/posts\/1552\/revisions"}],"predecessor-version":[{"id":33422,"href":"https:\/\/blogdoedvaldomagalhaes.com.br\/index.php\/wp-json\/wp\/v2\/posts\/1552\/revisions\/33422"}],"wp:attachment":[{"href":"https:\/\/blogdoedvaldomagalhaes.com.br\/index.php\/wp-json\/wp\/v2\/media?parent=1552"}],"wp:term":[{"taxonomy":"category","embeddable":true,"href":"https:\/\/blogdoedvaldomagalhaes.com.br\/index.php\/wp-json\/wp\/v2\/categories?post=1552"},{"taxonomy":"post_tag","embeddable":true,"href":"https:\/\/blogdoedvaldomagalhaes.com.br\/index.php\/wp-json\/wp\/v2\/tags?post=1552"}],"curies":[{"name":"wp","href":"https:\/\/api.w.org\/{rel}","templated":true}]}}