{"id":1551,"date":"2018-08-15T17:55:00","date_gmt":"2018-08-15T20:55:00","guid":{"rendered":"http:\/\/blogdoedvaldomagalhaes.com.br\/index.php\/2018\/08\/15\/phs-registra-fernando-rodolfo-como\/"},"modified":"2019-02-09T02:27:55","modified_gmt":"2019-02-09T04:27:55","slug":"phs-registra-fernando-rodolfo-como","status":"publish","type":"post","link":"https:\/\/blogdoedvaldomagalhaes.com.br\/index.php\/2018\/08\/15\/phs-registra-fernando-rodolfo-como\/","title":{"rendered":"PHS registra Fernando Rodolfo como candidato a Deputado Federal"},"content":{"rendered":"<div class=\"separator\" style=\"clear: both; text-align: center;\">\n<a href=\"https:\/\/4.bp.blogspot.com\/-EAtT-yDCu0Q\/W3Ro_-zuyqI\/AAAAAAAA4PE\/nkfo3nDfuvwcNfQffywEMsIriE6R4e_PACLcBGAs\/s1600\/fernado.jpg\" imageanchor=\"1\" style=\"margin-left: 1em; margin-right: 1em;\"><img loading=\"lazy\" decoding=\"async\" border=\"0\" data-original-height=\"297\" data-original-width=\"495\" height=\"382\" src=\"http:\/\/blogdoedvaldomagalhaes.com.br\/wp-content\/uploads\/2018\/08\/fernado.jpg\" width=\"640\" \/><\/a><\/div>\n<div style=\"text-align: justify;\">\n<\/div>\n<div style=\"text-align: justify;\">\nO jornalista Fernando Rodolfo teve sua candidatura a deputado federal registrada pelo Partido Humanista da Solidariedade (PHS). \u201cAgora estamos na contagem regressiva pra iniciar a campanha e dialogar de forma mais aberta com a sociedade sobre a import\u00e2ncia de votar nesse ano\u201d, disse Fernando.<\/div>\n<div style=\"text-align: justify;\">\n<\/div>\n<div style=\"text-align: justify;\">\nO candidato tem feito um intenso corpo a corpo em Caruaru, que \u00e9 a sua principal base eleitoral e tem ampliado as visitas a associa\u00e7\u00f5es, sindicatos e feiras. \u201cEst\u00e1 sendo uma experi\u00eancia incr\u00edvel. Percebo que a cidade est\u00e1 pedindo gente nova na pol\u00edtica e nossa candidatura tem gerado grande expectativa\u201d, comentou. \u201cH\u00e1 um n\u00edtido cansa\u00e7o com os tradicionais grupos e um inc\u00f4modo com essa panelinha familiar. Todos merecem respeito pela contribui\u00e7\u00e3o que deram \u00e0 cidade, mas \u00e9 necess\u00e1rio reconhecer que o momento \u00e9 outro\u201d, concluiu Fernando.<\/div>\n<div style=\"text-align: justify;\">\n<\/div>\n<div style=\"text-align: justify;\">\nAl\u00e9m de Caruaru, onde tem como padrinho da candidatura o empres\u00e1rio e suplente de senador, Douglas Cintra, Fernando Rodolfo conquistou importantes apoios em diversas cidades da regi\u00e3o. O PHS faz parte da coliga\u00e7\u00e3o \u201cAvan\u00e7a Pernambuco \u201c, que d\u00e1 sustenta\u00e7\u00e3o ao candidato a governador Armando Monteiro, do PTB.<\/div>\n<div style=\"text-align: justify;\">\n<\/div>\n","protected":false},"excerpt":{"rendered":"<p>O jornalista Fernando Rodolfo teve sua candidatura a deputado federal registrada pelo Partido Humanista da Solidariedade (PHS). \u201cAgora estamos na&hellip;<\/p>\n","protected":false},"author":1,"featured_media":0,"comment_status":"open","ping_status":"open","sticky":false,"template":"","format":"standard","meta":{"footnotes":""},"categories":[1],"tags":[2,1555,20],"class_list":["post-1551","post","type-post","status-publish","format-standard","hentry","category-sem-categoria","tag-blog-do-edvaldo-magalhaes","tag-phs-registra-fernando-rodolfo-como-candidato-a-deputado-federal","tag-politica"],"_links":{"self":[{"href":"https:\/\/blogdoedvaldomagalhaes.com.br\/index.php\/wp-json\/wp\/v2\/posts\/1551","targetHints":{"allow":["GET"]}}],"collection":[{"href":"https:\/\/blogdoedvaldomagalhaes.com.br\/index.php\/wp-json\/wp\/v2\/posts"}],"about":[{"href":"https:\/\/blogdoedvaldomagalhaes.com.br\/index.php\/wp-json\/wp\/v2\/types\/post"}],"author":[{"embeddable":true,"href":"https:\/\/blogdoedvaldomagalhaes.com.br\/index.php\/wp-json\/wp\/v2\/users\/1"}],"replies":[{"embeddable":true,"href":"https:\/\/blogdoedvaldomagalhaes.com.br\/index.php\/wp-json\/wp\/v2\/comments?post=1551"}],"version-history":[{"count":1,"href":"https:\/\/blogdoedvaldomagalhaes.com.br\/index.php\/wp-json\/wp\/v2\/posts\/1551\/revisions"}],"predecessor-version":[{"id":33424,"href":"https:\/\/blogdoedvaldomagalhaes.com.br\/index.php\/wp-json\/wp\/v2\/posts\/1551\/revisions\/33424"}],"wp:attachment":[{"href":"https:\/\/blogdoedvaldomagalhaes.com.br\/index.php\/wp-json\/wp\/v2\/media?parent=1551"}],"wp:term":[{"taxonomy":"category","embeddable":true,"href":"https:\/\/blogdoedvaldomagalhaes.com.br\/index.php\/wp-json\/wp\/v2\/categories?post=1551"},{"taxonomy":"post_tag","embeddable":true,"href":"https:\/\/blogdoedvaldomagalhaes.com.br\/index.php\/wp-json\/wp\/v2\/tags?post=1551"}],"curies":[{"name":"wp","href":"https:\/\/api.w.org\/{rel}","templated":true}]}}