{"id":1550,"date":"2018-08-15T21:22:00","date_gmt":"2018-08-16T00:22:00","guid":{"rendered":"http:\/\/blogdoedvaldomagalhaes.com.br\/index.php\/2018\/08\/15\/calendario-de-abastecimento-de-agua-da\/"},"modified":"2019-02-09T02:27:55","modified_gmt":"2019-02-09T04:27:55","slug":"calendario-de-abastecimento-de-agua-da","status":"publish","type":"post","link":"https:\/\/blogdoedvaldomagalhaes.com.br\/index.php\/2018\/08\/15\/calendario-de-abastecimento-de-agua-da\/","title":{"rendered":"Calend\u00e1rio de abastecimento de \u00e1gua da Compesa sofre atraso em Caruaru; Confira os bairros"},"content":{"rendered":"<div class=\"separator\" style=\"clear: both; text-align: center;\">\n<a href=\"https:\/\/1.bp.blogspot.com\/-YQT6qKrZ16E\/W3SZnyDAjMI\/AAAAAAAA4Pg\/vRUoozdoMB88LZC-rFMJcjSa7sDxenn2gCLcBGAs\/s1600\/comunidacdo.png\" imageanchor=\"1\" style=\"margin-left: 1em; margin-right: 1em;\"><img loading=\"lazy\" decoding=\"async\" border=\"0\" data-original-height=\"462\" data-original-width=\"930\" height=\"312\" src=\"http:\/\/blogdoedvaldomagalhaes.com.br\/wp-content\/uploads\/2018\/08\/comunidacdo.png\" width=\"640\" \/><\/a><\/div>\n<div style=\"text-align: justify;\">\n<\/div>\n<div style=\"text-align: justify;\">\nA Compesa informa que os bairros de Caruaru (descritos abaixo) que come\u00e7ariam a ser abastecidos no in\u00edcio da manh\u00e3 desta quinta-feira (16) s\u00f3 dever\u00e3o passar a receber \u00e1gua na sexta-feira (17\/08), estendendo-se at\u00e9 o dia 21 de agosto. O atraso no fornecimento ocorreu devido a problemas identificados em um dos registros da Esta\u00e7\u00e3o de Tratamento de \u00c1gua (ETA) Petr\u00f3polis que j\u00e1 foram solucionados. A Compesa esclarece que para compensar a suspens\u00e3o no fornecimento, o abastecimento do setor 3 ser\u00e1 prolongado em 24 horas, terminando amanh\u00e3 (16\/08). A Companhia refor\u00e7a ainda que o Residencial Xique Xique, a Vila Andorinha, o Dem\u00f3stenes Veras e o Novo Mundo est\u00e3o com o abastecimento interrompido at\u00e9 a tarde de hoje para conserto de um estouramento na adutora que atende as localidades.<\/div>\n<div style=\"text-align: justify;\">\n<\/div>\n<div style=\"text-align: justify;\">\n<b>Confira os bairros afetados:<\/b><\/div>\n<div style=\"text-align: justify;\">\n<b><br \/><\/b><\/div>\n<div style=\"text-align: justify;\">\nCidade Jardim, Salgado (parte baixa), Rendeiras (Cohab Ill), Loteamento Para\u00edso, S\u00e3o Jo\u00e3o da Esc\u00f3cia (parte baixa), Centen\u00e1rio, Divin\u00f3polis, Maur\u00edcio de Nassau, Universit\u00e1rio, S\u00e3o Francisco, Parte do Vassoural pr\u00f3x. ao pres\u00eddio (ruas no trecho entre Luiz Gonzaga e Rua do Vassoural : Maria Tereza, Ivanildo Cordeiro de Souza, Jo\u00e3o Cordeiro de Souza, Maria Cordeiro de Miscena, Asa Branca, Travessa Henrique Soares), Ruas: Comp.Luiz Gonzaga, Luiz Serafim De Souza, 1\u00ba, 2\u00b0 e 3\u00b0 Travessa Henrique Soares, Filadelfia A. da Costa, Juazeiro do Norte, Todos os Santos, Rua Do Vassoural, 5\u00ba Travessa Alfredo Pinto (Goiana), Jos\u00e9 Nunes de Ara\u00fajo, Jos\u00e9 do Patroc\u00ednio, Esp\u00edrito Santo, Carlos Alexandre, Petrol\u00e2ndia, 5\u00b0 Travessa do Vassoural, Nazar\u00e9 da Mata, Belmonte, Travessa e Rua Imperial (Acima da Bernardo Vieira de Melo), Estrada de Campina e Luiz de Fran\u00e7a Pereira, Santa Rosa (parte alta), Vila Serena, Campo Novo do Sul, Vila Campo Novo de Baixo e de Cima, Sest\/Senat, Cidade Alta: Adalgisa Nunes 1 e 2, Vila Agamenon, parte do Petr\u00f3polis (1\u00b0, 2\u00b0 &nbsp;e 3\u00b0 Travessa e Rua Prof. Adelia Leal, Manoel Lopes, Henrique Soares, Sta. Catarina, Cristo Reis, Sanhar\u00f3, 2\u00b0 Travessa C\u00edcero Jos\u00e9 Dutra e Te\u00f3filo Otoni).<\/div>\n","protected":false},"excerpt":{"rendered":"<p>A Compesa informa que os bairros de Caruaru (descritos abaixo) que come\u00e7ariam a ser abastecidos no in\u00edcio da manh\u00e3 desta&hellip;<\/p>\n","protected":false},"author":1,"featured_media":0,"comment_status":"open","ping_status":"open","sticky":false,"template":"","format":"standard","meta":{"footnotes":""},"categories":[1],"tags":[2,1554,6],"class_list":["post-1550","post","type-post","status-publish","format-standard","hentry","category-sem-categoria","tag-blog-do-edvaldo-magalhaes","tag-calendario-de-abastecimento-de-agua-da-compesa-sofre-atraso-em-caruaru-confira-os-bairros","tag-noticias"],"_links":{"self":[{"href":"https:\/\/blogdoedvaldomagalhaes.com.br\/index.php\/wp-json\/wp\/v2\/posts\/1550","targetHints":{"allow":["GET"]}}],"collection":[{"href":"https:\/\/blogdoedvaldomagalhaes.com.br\/index.php\/wp-json\/wp\/v2\/posts"}],"about":[{"href":"https:\/\/blogdoedvaldomagalhaes.com.br\/index.php\/wp-json\/wp\/v2\/types\/post"}],"author":[{"embeddable":true,"href":"https:\/\/blogdoedvaldomagalhaes.com.br\/index.php\/wp-json\/wp\/v2\/users\/1"}],"replies":[{"embeddable":true,"href":"https:\/\/blogdoedvaldomagalhaes.com.br\/index.php\/wp-json\/wp\/v2\/comments?post=1550"}],"version-history":[{"count":1,"href":"https:\/\/blogdoedvaldomagalhaes.com.br\/index.php\/wp-json\/wp\/v2\/posts\/1550\/revisions"}],"predecessor-version":[{"id":33426,"href":"https:\/\/blogdoedvaldomagalhaes.com.br\/index.php\/wp-json\/wp\/v2\/posts\/1550\/revisions\/33426"}],"wp:attachment":[{"href":"https:\/\/blogdoedvaldomagalhaes.com.br\/index.php\/wp-json\/wp\/v2\/media?parent=1550"}],"wp:term":[{"taxonomy":"category","embeddable":true,"href":"https:\/\/blogdoedvaldomagalhaes.com.br\/index.php\/wp-json\/wp\/v2\/categories?post=1550"},{"taxonomy":"post_tag","embeddable":true,"href":"https:\/\/blogdoedvaldomagalhaes.com.br\/index.php\/wp-json\/wp\/v2\/tags?post=1550"}],"curies":[{"name":"wp","href":"https:\/\/api.w.org\/{rel}","templated":true}]}}