{"id":1549,"date":"2018-08-15T21:36:00","date_gmt":"2018-08-16T00:36:00","guid":{"rendered":"http:\/\/blogdoedvaldomagalhaes.com.br\/index.php\/2018\/08\/15\/mototaxista-assassinado-pelo-cunhado-e\/"},"modified":"2019-02-09T02:27:56","modified_gmt":"2019-02-09T04:27:56","slug":"mototaxista-assassinado-pelo-cunhado-e","status":"publish","type":"post","link":"https:\/\/blogdoedvaldomagalhaes.com.br\/index.php\/2018\/08\/15\/mototaxista-assassinado-pelo-cunhado-e\/","title":{"rendered":"Mototaxista assassinado pelo cunhado em Caruaru e acusado \u00e9 linchado"},"content":{"rendered":"<div class=\"separator\" style=\"clear: both; text-align: center;\">\n<a href=\"https:\/\/2.bp.blogspot.com\/-RW2R4OwBJ6c\/W3SclLeUgdI\/AAAAAAAA4Ps\/bn0T9DUtMMgxvQOvboM5nPhVoJREtb5NQCLcBGAs\/s1600\/01.jpg\" imageanchor=\"1\" style=\"margin-left: 1em; margin-right: 1em;\"><img loading=\"lazy\" decoding=\"async\" border=\"0\" data-original-height=\"539\" data-original-width=\"540\" height=\"632\" src=\"http:\/\/blogdoedvaldomagalhaes.com.br\/wp-content\/uploads\/2018\/08\/01-1.jpg\" width=\"640\" \/><\/a><\/div>\n<div style=\"text-align: justify;\">\nO crime aconteceu na tarde desta quarta-feira (15), na Rua da S\u00e9, no<br \/>\nbairro Centen\u00e1rio, em Caruaru. O mototaxista Adilson Jos\u00e9 Paix\u00e3o da Silva, 41 anos de idade, solteiro, conhecido como Bolinho, foi esfaqueado v\u00e1rias vezes com golpes de<br \/>\nfaca-peixeira pelo pr\u00f3prio cunhado Romildo Feitosa da Silva, de 40 anos. A&nbsp;v\u00edtima foi socorrida para o Hospital Regional do Agreste, n\u00e3o resistindo aos ferimentos e morrendo no HRA, enquanto que o acusado foi linchado por populares e socorrido para o HRA.<\/p>\n<p><\/p>\n<div class=\"separator\" style=\"clear: both; text-align: center;\">\n<a href=\"https:\/\/1.bp.blogspot.com\/-RwA6gXyZQew\/W3Si3YyuwfI\/AAAAAAAA4QA\/40H3ZbSLiYQ0X_Qb3gl0RsEVOqUQO-JXwCLcBGAs\/s1600\/IMG-20180815-WA0284.jpg\" imageanchor=\"1\" style=\"margin-left: 1em; margin-right: 1em;\"><img loading=\"lazy\" decoding=\"async\" border=\"0\" data-original-height=\"1334\" data-original-width=\"750\" height=\"640\" src=\"http:\/\/blogdoedvaldomagalhaes.com.br\/wp-content\/uploads\/2018\/08\/IMG-20180815-WA0284.jpg\" width=\"359\" \/><\/a><\/div>\n<div class=\"separator\" style=\"clear: both; text-align: center;\">\nFoto da v\u00edtima<\/div>\n<p>\nSegundo informa\u00e7\u00f5es, o Romildo espancava a esposa constantemente, e Adilson foi intervir, tomando satisfa\u00e7\u00f5es com o cunhado.<\/p>\n<p>Este foi o segundo homic\u00eddio no m\u00eas de agosto em Caruaru, e o 113\u00ba no ano.<\/p><\/div>\n<div class=\"separator\" style=\"clear: both; text-align: center;\">\n<a href=\"https:\/\/2.bp.blogspot.com\/-i-HCEZOTxNs\/W3ScmHhAwOI\/AAAAAAAA4Pw\/jDT50MKnuRM2tAl20nEhQgUSloVxsUz_ACLcBGAs\/s1600\/02.jpg\" imageanchor=\"1\" style=\"margin-left: 1em; margin-right: 1em;\"><img loading=\"lazy\" decoding=\"async\" border=\"0\" data-original-height=\"539\" data-original-width=\"539\" height=\"640\" src=\"http:\/\/blogdoedvaldomagalhaes.com.br\/wp-content\/uploads\/2018\/08\/02-1.jpg\" width=\"640\" \/><\/a><\/div>\n<p><\/p>\n","protected":false},"excerpt":{"rendered":"<p>O crime aconteceu na tarde desta quarta-feira (15), na Rua da S\u00e9, no bairro Centen\u00e1rio, em Caruaru. O mototaxista Adilson&hellip;<\/p>\n","protected":false},"author":1,"featured_media":0,"comment_status":"open","ping_status":"open","sticky":false,"template":"","format":"standard","meta":{"footnotes":""},"categories":[1],"tags":[2,1553,13],"class_list":["post-1549","post","type-post","status-publish","format-standard","hentry","category-sem-categoria","tag-blog-do-edvaldo-magalhaes","tag-mototaxista-assassinado-pelo-cunhado-em-caruaru-e-acusado-e-linchado","tag-policial"],"_links":{"self":[{"href":"https:\/\/blogdoedvaldomagalhaes.com.br\/index.php\/wp-json\/wp\/v2\/posts\/1549","targetHints":{"allow":["GET"]}}],"collection":[{"href":"https:\/\/blogdoedvaldomagalhaes.com.br\/index.php\/wp-json\/wp\/v2\/posts"}],"about":[{"href":"https:\/\/blogdoedvaldomagalhaes.com.br\/index.php\/wp-json\/wp\/v2\/types\/post"}],"author":[{"embeddable":true,"href":"https:\/\/blogdoedvaldomagalhaes.com.br\/index.php\/wp-json\/wp\/v2\/users\/1"}],"replies":[{"embeddable":true,"href":"https:\/\/blogdoedvaldomagalhaes.com.br\/index.php\/wp-json\/wp\/v2\/comments?post=1549"}],"version-history":[{"count":1,"href":"https:\/\/blogdoedvaldomagalhaes.com.br\/index.php\/wp-json\/wp\/v2\/posts\/1549\/revisions"}],"predecessor-version":[{"id":33430,"href":"https:\/\/blogdoedvaldomagalhaes.com.br\/index.php\/wp-json\/wp\/v2\/posts\/1549\/revisions\/33430"}],"wp:attachment":[{"href":"https:\/\/blogdoedvaldomagalhaes.com.br\/index.php\/wp-json\/wp\/v2\/media?parent=1549"}],"wp:term":[{"taxonomy":"category","embeddable":true,"href":"https:\/\/blogdoedvaldomagalhaes.com.br\/index.php\/wp-json\/wp\/v2\/categories?post=1549"},{"taxonomy":"post_tag","embeddable":true,"href":"https:\/\/blogdoedvaldomagalhaes.com.br\/index.php\/wp-json\/wp\/v2\/tags?post=1549"}],"curies":[{"name":"wp","href":"https:\/\/api.w.org\/{rel}","templated":true}]}}