{"id":1548,"date":"2018-08-15T22:04:00","date_gmt":"2018-08-16T01:04:00","guid":{"rendered":"http:\/\/blogdoedvaldomagalhaes.com.br\/index.php\/2018\/08\/15\/acic-seleciona-candidatos-para-vagas-de\/"},"modified":"2019-02-09T02:27:56","modified_gmt":"2019-02-09T04:27:56","slug":"acic-seleciona-candidatos-para-vagas-de","status":"publish","type":"post","link":"https:\/\/blogdoedvaldomagalhaes.com.br\/index.php\/2018\/08\/15\/acic-seleciona-candidatos-para-vagas-de\/","title":{"rendered":"Acic seleciona candidatos para vagas de emprego e est\u00e1gio em empresas associadas"},"content":{"rendered":"<div class=\"separator\" style=\"clear: both; text-align: center;\">\n<a href=\"https:\/\/4.bp.blogspot.com\/-6C3rCspeLKI\/W3SjR53HzFI\/AAAAAAAA4QI\/e8s72baqDKIpXmKGQM-HWyrn7qk0KwL0ACLcBGAs\/s1600\/vagas.jpg\" imageanchor=\"1\" style=\"margin-left: 1em; margin-right: 1em;\"><img loading=\"lazy\" decoding=\"async\" border=\"0\" data-original-height=\"960\" data-original-width=\"960\" height=\"640\" src=\"http:\/\/blogdoedvaldomagalhaes.com.br\/wp-content\/uploads\/2018\/08\/vagas.jpg\" width=\"640\" \/><\/a><\/div>\n<p><\/p>\n<div style=\"text-align: justify;\">\nA Associa\u00e7\u00e3o Comercial e Empresarial de Caruaru (Acic) est\u00e1 selecionando profissionais e estudantes para vagas de emprego e est\u00e1gio dispon\u00edveis em empresas associadas, atrav\u00e9s dos programas Empregacic e QualificaBrasil. As oportunidades de carteira assinada s\u00e3o de auxiliar de contabilidade e secret\u00e1ria(o). As de est\u00e1gio s\u00e3o para Arquitetura e Urbanismo, Direito e Ci\u00eancias Cont\u00e1beis.<\/div>\n<div style=\"text-align: justify;\">\n<\/div>\n<div style=\"text-align: justify;\">\nPodem se candidatar para o cargo de auxiliar de contabilidade profissionais formados em Ci\u00eancias Cont\u00e1beis e que tenham entre 20 e 40 anos. Cursos de aperfei\u00e7oamento nas \u00e1reas cont\u00e1bil, fiscal e tribut\u00e1ria far\u00e3o a diferen\u00e7a na sele\u00e7\u00e3o. Para concorrer \u00e0 vaga de secret\u00e1ria(o), o candidato deve ter o segundo ou terceiro grau completo, ve\u00edculo pr\u00f3prio e experi\u00eancia de dois anos na fun\u00e7\u00e3o. Os interessados devem enviar seus curr\u00edculos para o e-mail: curriculo@aciccaruaru.com ou cadastr\u00e1-los atrav\u00e9s do site: http:\/\/aciccaruaru.com.<\/div>\n<div style=\"text-align: justify;\">\n<\/div>\n<div style=\"text-align: justify;\">\nA vaga em Arquitetura e Urbanismo \u00e9 destinada para graduandos do quarto ao sexto per\u00edodo de Arquitetura e Urbanismo. \u00c9 necess\u00e1rio ter disponibilidade de trabalhar seis horas di\u00e1rias. A bolsa aux\u00edlio oferecida \u00e9 de R$ 500 + aux\u00edlio transporte de R$ 100. Os candidatos \u00e0 vagas de Direito devem cursar o sexto ou s\u00e9timo per\u00edodo da gradua\u00e7\u00e3o na \u00e1rea, ter disponibilidade para trabalhar seis horas, ve\u00edculo pr\u00f3prio e habilita\u00e7\u00e3o do tipo A, AB ou B.A bolsa aux\u00edlio oferecida \u00e9 de R$ 700 + aux\u00edlio transporte de R$ 50.<\/div>\n<div style=\"text-align: justify;\">\n<\/div>\n<div style=\"text-align: justify;\">\nA oportunidade em Ci\u00eancias Cont\u00e1beis exige que o candidato esteja cursando do quarto ao sexto per\u00edodo da gradua\u00e7\u00e3o e que tenha disponibilidade de trabalhar seis horas por dia. A bolsa aux\u00edlio oferecida \u00e9 de R$ 500 + aux\u00edlio transporte de R$ 100. Os curr\u00edculos para vagas de est\u00e1gio devem ser enviados para o e-mail: qualificabrasil@aciccaruaru.com ou cadastrados no site da Associa\u00e7\u00e3o. Mais informa\u00e7\u00f5es pelo telefone: (81) 3721-2725.<\/div>\n<div style=\"text-align: justify;\">\n<\/div>\n<div style=\"text-align: justify;\">\n<\/div>\n","protected":false},"excerpt":{"rendered":"<p>A Associa\u00e7\u00e3o Comercial e Empresarial de Caruaru (Acic) est\u00e1 selecionando profissionais e estudantes para vagas de emprego e est\u00e1gio dispon\u00edveis&hellip;<\/p>\n","protected":false},"author":1,"featured_media":0,"comment_status":"open","ping_status":"open","sticky":false,"template":"","format":"standard","meta":{"footnotes":""},"categories":[1],"tags":[1552,2,6],"class_list":["post-1548","post","type-post","status-publish","format-standard","hentry","category-sem-categoria","tag-acic-seleciona-candidatos-para-vagas-de-emprego-e-estagio-em-empresas-associadas","tag-blog-do-edvaldo-magalhaes","tag-noticias"],"_links":{"self":[{"href":"https:\/\/blogdoedvaldomagalhaes.com.br\/index.php\/wp-json\/wp\/v2\/posts\/1548","targetHints":{"allow":["GET"]}}],"collection":[{"href":"https:\/\/blogdoedvaldomagalhaes.com.br\/index.php\/wp-json\/wp\/v2\/posts"}],"about":[{"href":"https:\/\/blogdoedvaldomagalhaes.com.br\/index.php\/wp-json\/wp\/v2\/types\/post"}],"author":[{"embeddable":true,"href":"https:\/\/blogdoedvaldomagalhaes.com.br\/index.php\/wp-json\/wp\/v2\/users\/1"}],"replies":[{"embeddable":true,"href":"https:\/\/blogdoedvaldomagalhaes.com.br\/index.php\/wp-json\/wp\/v2\/comments?post=1548"}],"version-history":[{"count":1,"href":"https:\/\/blogdoedvaldomagalhaes.com.br\/index.php\/wp-json\/wp\/v2\/posts\/1548\/revisions"}],"predecessor-version":[{"id":33432,"href":"https:\/\/blogdoedvaldomagalhaes.com.br\/index.php\/wp-json\/wp\/v2\/posts\/1548\/revisions\/33432"}],"wp:attachment":[{"href":"https:\/\/blogdoedvaldomagalhaes.com.br\/index.php\/wp-json\/wp\/v2\/media?parent=1548"}],"wp:term":[{"taxonomy":"category","embeddable":true,"href":"https:\/\/blogdoedvaldomagalhaes.com.br\/index.php\/wp-json\/wp\/v2\/categories?post=1548"},{"taxonomy":"post_tag","embeddable":true,"href":"https:\/\/blogdoedvaldomagalhaes.com.br\/index.php\/wp-json\/wp\/v2\/tags?post=1548"}],"curies":[{"name":"wp","href":"https:\/\/api.w.org\/{rel}","templated":true}]}}