{"id":1547,"date":"2018-08-15T22:53:00","date_gmt":"2018-08-16T01:53:00","guid":{"rendered":"http:\/\/blogdoedvaldomagalhaes.com.br\/index.php\/2018\/08\/15\/onildo-almeida-recebe-homenagem-do\/"},"modified":"2019-02-09T02:28:01","modified_gmt":"2019-02-09T04:28:01","slug":"onildo-almeida-recebe-homenagem-do","status":"publish","type":"post","link":"https:\/\/blogdoedvaldomagalhaes.com.br\/index.php\/2018\/08\/15\/onildo-almeida-recebe-homenagem-do\/","title":{"rendered":"Onildo Almeida recebe homenagem do Rotary Club Caruaru Mauricio de Nassau"},"content":{"rendered":"<div class=\"separator\" style=\"clear: both; text-align: center;\">\n<a href=\"https:\/\/2.bp.blogspot.com\/-OLJDXLvvsFg\/W3SuZULfwiI\/AAAAAAAA4QU\/Cp6dJjHqLbgDk2mmwV1V6e87HqHvakz5ACLcBGAs\/s1600\/IMG-20180815-WA0224.jpg\" imageanchor=\"1\" style=\"margin-left: 1em; margin-right: 1em;\"><img loading=\"lazy\" decoding=\"async\" border=\"0\" data-original-height=\"871\" data-original-width=\"1280\" height=\"432\" src=\"http:\/\/blogdoedvaldomagalhaes.com.br\/wp-content\/uploads\/2018\/08\/IMG-20180815-WA0224.jpg\" width=\"640\" \/><\/a><\/div>\n<div class=\"separator\" style=\"clear: both; text-align: center;\">\nFotos: Iza\u00edas Rodrigues\/R\u00e1dio Liberdade<\/div>\n<div class=\"separator\" style=\"clear: both; text-align: center;\">\n<\/div>\n<div class=\"separator\" style=\"clear: both; text-align: justify;\">\nO Rotary Club Caruaru Maur\u00edcio de Nassau, que tem na presid\u00eancia o empres\u00e1rio D\u00e1cio Esp\u00f3sito Filho, realizou reuni\u00e3o na tarde desta quarta-feira (15), e prestou homenagem ao compositor Onildo Almeida, que completou 90 anos de idade na \u00faltima segunda-feira (13).&nbsp;&nbsp;<\/div>\n<div style=\"text-align: justify;\">\n<\/div>\n<div class=\"separator\" style=\"clear: both; text-align: center;\">\n<a href=\"https:\/\/4.bp.blogspot.com\/-KSDvneK5ibY\/W3SucudRBJI\/AAAAAAAA4QY\/0O1D0PhDSBEfXK4F3cHbQqjg6CzqcLvewCLcBGAs\/s1600\/IMG-20180815-WA0225.jpg\" imageanchor=\"1\" style=\"margin-left: 1em; margin-right: 1em;\"><img loading=\"lazy\" decoding=\"async\" border=\"0\" data-original-height=\"586\" data-original-width=\"1081\" height=\"346\" src=\"http:\/\/blogdoedvaldomagalhaes.com.br\/wp-content\/uploads\/2018\/08\/IMG-20180815-WA0225.jpg\" width=\"640\" \/><\/a><\/div>\n<p><\/p>\n<div style=\"text-align: justify;\">\nOnildo Almeida nascido em Caruaru, no dia 13 de agosto de 1928. \u00c9 autor de v\u00e1rias m\u00fasicas que ganharam destaque e j\u00e1 foram tocadas em diversos pa\u00edses, como Inglaterra, Portugal, Espanha, Su\u00e9cia, It\u00e1lia, Estados Unidos, R\u00fassia e at\u00e9 a antiga Tchecoslov\u00e1quia.<\/div>\n<div style=\"text-align: justify;\">\n<\/div>\n<div style=\"text-align: justify;\">\n<\/div>\n<div class=\"separator\" style=\"clear: both; text-align: center;\">\n<a href=\"https:\/\/2.bp.blogspot.com\/-mTubLydmhK8\/W3SugT5e28I\/AAAAAAAA4Qc\/1UsoaLZT9sMjZjMJ2cXVzh_L1ZWeHzzeACLcBGAs\/s1600\/IMG-20180815-WA0218.jpg\" imageanchor=\"1\" style=\"margin-left: 1em; margin-right: 1em;\"><img loading=\"lazy\" decoding=\"async\" border=\"0\" data-original-height=\"627\" data-original-width=\"1280\" height=\"310\" src=\"http:\/\/blogdoedvaldomagalhaes.com.br\/wp-content\/uploads\/2018\/08\/IMG-20180815-WA0218.jpg\" width=\"640\" \/><\/a><\/div>\n<p><\/p>\n<div style=\"text-align: justify;\">\nFilho de Jos\u00e9 Francisco de Almeida e Flora Camila de Almeida, Onildo teve o apoio dos pais para seguir no caminho da m\u00fasica. Ainda adolescente, o compositor fez parte de grupos musicais locais, mas foi ao ingressar no r\u00e1dio que ganhou notoriedade.<\/div>\n<div style=\"text-align: justify;\">\n<\/div>\n<div style=\"text-align: justify;\">\n<\/div>\n<div class=\"separator\" style=\"clear: both; text-align: center;\">\n<a href=\"https:\/\/2.bp.blogspot.com\/-avf41U2nGbs\/W3SukpOktCI\/AAAAAAAA4Qg\/AHfSSi2rnlYktr83bk6hzqYgOBIyyMYZACLcBGAs\/s1600\/IMG-20180815-WA0219.jpg\" imageanchor=\"1\" style=\"margin-left: 1em; margin-right: 1em;\"><img loading=\"lazy\" decoding=\"async\" border=\"0\" data-original-height=\"720\" data-original-width=\"1280\" height=\"360\" src=\"http:\/\/blogdoedvaldomagalhaes.com.br\/wp-content\/uploads\/2018\/08\/IMG-20180815-WA0219.jpg\" width=\"640\" \/><\/a><\/div>\n<p><\/p>\n<div style=\"text-align: justify;\">\nA maior obra de Onildo Almeida \u00e9 &#8220;A Feira de Caruaru&#8221;, que destaca coisas comuns \u00e0s mais inusitadas que s\u00e3o vendidas no local at\u00e9 os dias atuais. A feira \u00e9 patrim\u00f4nio cultural imaterial do Brasil desde 2007, e uma est\u00e1tua em homenagem ao compositor foi erguida na entrada da feira.<\/div>\n<div style=\"text-align: justify;\">\n<\/div>\n<div class=\"separator\" style=\"clear: both; text-align: center;\">\n<a href=\"https:\/\/4.bp.blogspot.com\/-cK5OeuXUtGA\/W3SunYNEN-I\/AAAAAAAA4Qk\/RYHQus_Oig4IWG1H0raOypCIrDxCpIKUACLcBGAs\/s1600\/IMG-20180815-WA0223.jpg\" imageanchor=\"1\" style=\"margin-left: 1em; margin-right: 1em;\"><img loading=\"lazy\" decoding=\"async\" border=\"0\" data-original-height=\"720\" data-original-width=\"1280\" height=\"360\" src=\"http:\/\/blogdoedvaldomagalhaes.com.br\/wp-content\/uploads\/2018\/08\/IMG-20180815-WA0223.jpg\" width=\"640\" \/><\/a><\/div>\n<p><\/p>\n<div class=\"separator\" style=\"clear: both; text-align: center;\">\n<a href=\"https:\/\/2.bp.blogspot.com\/-FGTCuo1cboc\/W3SuqAPoEOI\/AAAAAAAA4Qo\/-2wzQ-8QFzo5F1HqWWy2Y0ls-uutRTiiwCLcBGAs\/s1600\/IMG-20180815-WA0217.jpg\" imageanchor=\"1\" style=\"margin-left: 1em; margin-right: 1em;\"><img loading=\"lazy\" decoding=\"async\" border=\"0\" data-original-height=\"676\" data-original-width=\"1280\" height=\"336\" src=\"http:\/\/blogdoedvaldomagalhaes.com.br\/wp-content\/uploads\/2018\/08\/IMG-20180815-WA0217.jpg\" width=\"640\" \/><\/a><\/div>\n<p><\/p>\n","protected":false},"excerpt":{"rendered":"<p>Fotos: Iza\u00edas Rodrigues\/R\u00e1dio Liberdade O Rotary Club Caruaru Maur\u00edcio de Nassau, que tem na presid\u00eancia o empres\u00e1rio D\u00e1cio Esp\u00f3sito Filho,&hellip;<\/p>\n","protected":false},"author":1,"featured_media":0,"comment_status":"open","ping_status":"open","sticky":false,"template":"","format":"standard","meta":{"footnotes":""},"categories":[1],"tags":[2,6,1551],"class_list":["post-1547","post","type-post","status-publish","format-standard","hentry","category-sem-categoria","tag-blog-do-edvaldo-magalhaes","tag-noticias","tag-onildo-almeida-recebe-homenagem-do-rotary-club-caruaru-mauricio-de-nassau"],"_links":{"self":[{"href":"https:\/\/blogdoedvaldomagalhaes.com.br\/index.php\/wp-json\/wp\/v2\/posts\/1547","targetHints":{"allow":["GET"]}}],"collection":[{"href":"https:\/\/blogdoedvaldomagalhaes.com.br\/index.php\/wp-json\/wp\/v2\/posts"}],"about":[{"href":"https:\/\/blogdoedvaldomagalhaes.com.br\/index.php\/wp-json\/wp\/v2\/types\/post"}],"author":[{"embeddable":true,"href":"https:\/\/blogdoedvaldomagalhaes.com.br\/index.php\/wp-json\/wp\/v2\/users\/1"}],"replies":[{"embeddable":true,"href":"https:\/\/blogdoedvaldomagalhaes.com.br\/index.php\/wp-json\/wp\/v2\/comments?post=1547"}],"version-history":[{"count":1,"href":"https:\/\/blogdoedvaldomagalhaes.com.br\/index.php\/wp-json\/wp\/v2\/posts\/1547\/revisions"}],"predecessor-version":[{"id":33439,"href":"https:\/\/blogdoedvaldomagalhaes.com.br\/index.php\/wp-json\/wp\/v2\/posts\/1547\/revisions\/33439"}],"wp:attachment":[{"href":"https:\/\/blogdoedvaldomagalhaes.com.br\/index.php\/wp-json\/wp\/v2\/media?parent=1547"}],"wp:term":[{"taxonomy":"category","embeddable":true,"href":"https:\/\/blogdoedvaldomagalhaes.com.br\/index.php\/wp-json\/wp\/v2\/categories?post=1547"},{"taxonomy":"post_tag","embeddable":true,"href":"https:\/\/blogdoedvaldomagalhaes.com.br\/index.php\/wp-json\/wp\/v2\/tags?post=1547"}],"curies":[{"name":"wp","href":"https:\/\/api.w.org\/{rel}","templated":true}]}}