{"id":1546,"date":"2018-08-16T10:05:00","date_gmt":"2018-08-16T13:05:00","guid":{"rendered":"http:\/\/blogdoedvaldomagalhaes.com.br\/index.php\/2018\/08\/16\/registrados-homicidios-em-caruaru\/"},"modified":"2019-02-09T02:28:01","modified_gmt":"2019-02-09T04:28:01","slug":"registrados-homicidios-em-caruaru","status":"publish","type":"post","link":"https:\/\/blogdoedvaldomagalhaes.com.br\/index.php\/2018\/08\/16\/registrados-homicidios-em-caruaru\/","title":{"rendered":"Registrados homic\u00eddios em Caruaru, Bezerros, Panelas e Surubim"},"content":{"rendered":"<div class=\"separator\" style=\"clear: both; text-align: center;\">\n<a href=\"https:\/\/3.bp.blogspot.com\/-jc2k1Q69MXA\/W3VMOUne0MI\/AAAAAAAA4RI\/Nx9NErvgdcMx7RtwMcZUSdYiL69HSMLNACLcBGAs\/s1600\/iml.jpg\" imageanchor=\"1\" style=\"margin-left: 1em; margin-right: 1em;\"><img loading=\"lazy\" decoding=\"async\" border=\"0\" data-original-height=\"575\" data-original-width=\"1024\" height=\"354\" src=\"http:\/\/blogdoedvaldomagalhaes.com.br\/wp-content\/uploads\/2018\/08\/iml-2.jpg\" width=\"640\" \/><\/a><\/div>\n<div class=\"separator\" style=\"clear: both; text-align: center;\">\nFoto: Josias Souza\/Sem Meias Palavras<\/div>\n<p><\/p>\n<div class=\"post_text\" itemprop=\"description\" style=\"background-color: white; box-sizing: border-box;\">\n<div style=\"box-sizing: border-box; line-height: 24px; margin-bottom: 10px; text-align: justify;\">\nRegistrados seis assaltos a \u00f4nibus na Regi\u00e3o Metropolitana do Recife, nas \u00faltimas 24 horas. No m\u00eas de agosto s\u00e3o 105 ocorr\u00eancias e no ano 1.622 assaltos.<\/div>\n<div style=\"box-sizing: border-box; line-height: 24px; margin-bottom: 10px; text-align: justify;\">\nOito pessoas foram assassinadas em Pernambuco, nas \u00faltimas 24 horas, 3 no Grande Recife e 5 no interior. No ano j\u00e1 ocorreram 2.582 homic\u00eddios no Estado, 1.020 na Regi\u00e3o Metropolitana e 1.562 no interior.<\/div>\n<div style=\"box-sizing: border-box; line-height: 24px; margin-bottom: 10px; text-align: justify;\">\nEm Caruaru, um mototaxista foi esfaqueado no final da tarde desta quarta-feira (15), no bairro Centen\u00e1rio. Adilson Jos\u00e9 da Silva, 41 anos, foi atingido com duas facadas. O crime aconteceu na Rua da S\u00e9, onde ele morava.<\/div>\n<div style=\"box-sizing: border-box; line-height: 24px; margin-bottom: 10px; text-align: justify;\">\nDe acordo com informa\u00e7\u00f5es de familiares, o mototaxista foi tirar satisfa\u00e7\u00e3o com o cunhado, Romildo Feitosa da Silva, 40 anos, que agredia constantemente a irm\u00e3 dele. Neste momento come\u00e7ou uma discuss\u00e3o entre os dois.<\/div>\n<div style=\"box-sizing: border-box; line-height: 24px; margin-bottom: 10px; text-align: justify;\">\nAdilson Jos\u00e9 foi socorrido para o Hospital Regional do Agreste (HRA), mas n\u00e3o resistiu e faleceu. O cunhado dele, suspeito do crime, foi espancado por populares e tamb\u00e9m levado para o HRA. Ele ser\u00e1 autuado em flagrante por homic\u00eddio e apresentado na audi\u00eancia de cust\u00f3dia.<\/div>\n<div style=\"box-sizing: border-box; line-height: 24px; margin-bottom: 10px; text-align: justify;\">\nEste foi o segundo homic\u00eddio do m\u00eas de agosto em Caruaru. Neste ano de 2018 s\u00e3o 113 assassinatos no munic\u00edpio.<\/div>\n<div style=\"box-sizing: border-box; line-height: 24px; margin-bottom: 10px; text-align: justify;\">\nEm Bezerros, o ex-presidi\u00e1rio Jos\u00e9 Henrique da Silva, 20 anos, foi assassinado com v\u00e1rios tiros em um matagal pr\u00f3ximo do caminho da \u201cBoca da Baleia\u201d, bairro Cohab. Ele j\u00e1 havia sido preso por tr\u00e1fico de drogas e porte ilegal de arma de fogo. A autoria do crime \u00e9 desconhecida.<\/div>\n<div style=\"box-sizing: border-box; line-height: 24px; margin-bottom: 10px; text-align: justify;\">\nEm Panelas, um homic\u00eddio aconteceu dentro de uma oficina no centro da cidade. Vandeilson Jos\u00e9 da Silva, 24 anos, foi baleado, socorrido pelo Samu e morreu no hospital.<\/div>\n<div style=\"box-sizing: border-box; line-height: 24px; margin-bottom: 10px; text-align: justify;\">\nEm Surubim, a v\u00edtima da viol\u00eancia foi o aut\u00f4nomo Ant\u00f4nio Mariano de Miranda Filho. Ele foi morto a tiros no bairro S\u00e3o Jos\u00e9. O crime foi praticado por dois homens que estavam em uma motocicleta.<\/div>\n<div style=\"box-sizing: border-box; line-height: 24px; margin-bottom: 10px; text-align: justify;\">\nFonte: R\u00e1dio Liberdade.<\/div>\n<\/div>\n","protected":false},"excerpt":{"rendered":"<p>Foto: Josias Souza\/Sem Meias Palavras Registrados seis assaltos a \u00f4nibus na Regi\u00e3o Metropolitana do Recife, nas \u00faltimas 24 horas. No&hellip;<\/p>\n","protected":false},"author":1,"featured_media":0,"comment_status":"open","ping_status":"open","sticky":false,"template":"","format":"standard","meta":{"footnotes":""},"categories":[1],"tags":[1548,2,1549,13,1550],"class_list":["post-1546","post","type-post","status-publish","format-standard","hentry","category-sem-categoria","tag-bezerros","tag-blog-do-edvaldo-magalhaes","tag-panelas-e-surubim","tag-policial","tag-registrados-homicidios-em-caruaru"],"_links":{"self":[{"href":"https:\/\/blogdoedvaldomagalhaes.com.br\/index.php\/wp-json\/wp\/v2\/posts\/1546","targetHints":{"allow":["GET"]}}],"collection":[{"href":"https:\/\/blogdoedvaldomagalhaes.com.br\/index.php\/wp-json\/wp\/v2\/posts"}],"about":[{"href":"https:\/\/blogdoedvaldomagalhaes.com.br\/index.php\/wp-json\/wp\/v2\/types\/post"}],"author":[{"embeddable":true,"href":"https:\/\/blogdoedvaldomagalhaes.com.br\/index.php\/wp-json\/wp\/v2\/users\/1"}],"replies":[{"embeddable":true,"href":"https:\/\/blogdoedvaldomagalhaes.com.br\/index.php\/wp-json\/wp\/v2\/comments?post=1546"}],"version-history":[{"count":1,"href":"https:\/\/blogdoedvaldomagalhaes.com.br\/index.php\/wp-json\/wp\/v2\/posts\/1546\/revisions"}],"predecessor-version":[{"id":33441,"href":"https:\/\/blogdoedvaldomagalhaes.com.br\/index.php\/wp-json\/wp\/v2\/posts\/1546\/revisions\/33441"}],"wp:attachment":[{"href":"https:\/\/blogdoedvaldomagalhaes.com.br\/index.php\/wp-json\/wp\/v2\/media?parent=1546"}],"wp:term":[{"taxonomy":"category","embeddable":true,"href":"https:\/\/blogdoedvaldomagalhaes.com.br\/index.php\/wp-json\/wp\/v2\/categories?post=1546"},{"taxonomy":"post_tag","embeddable":true,"href":"https:\/\/blogdoedvaldomagalhaes.com.br\/index.php\/wp-json\/wp\/v2\/tags?post=1546"}],"curies":[{"name":"wp","href":"https:\/\/api.w.org\/{rel}","templated":true}]}}