{"id":1545,"date":"2018-08-16T10:12:00","date_gmt":"2018-08-16T13:12:00","guid":{"rendered":"http:\/\/blogdoedvaldomagalhaes.com.br\/index.php\/2018\/08\/16\/teatro-experimental-de-arte-realiza\/"},"modified":"2019-02-09T02:28:01","modified_gmt":"2019-02-09T04:28:01","slug":"teatro-experimental-de-arte-realiza","status":"publish","type":"post","link":"https:\/\/blogdoedvaldomagalhaes.com.br\/index.php\/2018\/08\/16\/teatro-experimental-de-arte-realiza\/","title":{"rendered":"Teatro Experimental de Arte realiza performance em pro da liberdade"},"content":{"rendered":"<div class=\"separator\" style=\"clear: both; text-align: center;\">\n<a href=\"https:\/\/1.bp.blogspot.com\/-WFSyUj7P6K0\/W3VN1RMnP7I\/AAAAAAAA4RU\/x-dIVBv2b0sF7ssS1v3XOHq9JlnnWN22QCLcBGAs\/s1600\/casa.jpg\" imageanchor=\"1\" style=\"margin-left: 1em; margin-right: 1em;\"><img loading=\"lazy\" decoding=\"async\" border=\"0\" data-original-height=\"336\" data-original-width=\"500\" height=\"428\" src=\"http:\/\/blogdoedvaldomagalhaes.com.br\/wp-content\/uploads\/2018\/08\/casa.jpg\" width=\"640\" \/><\/a><\/div>\n<div style=\"text-align: justify;\">\n<\/div>\n<div style=\"text-align: justify;\">\nNeste s\u00e1bado dia 18\/08 acontecera a performance \u201cl!berdade?\u201d,&nbsp;produzida pelo TEA, a performance ser\u00e1 dada como uma das provas&nbsp;publicas do curso teatral, apesar do TEA ter o seu festival interno (FEINT)&nbsp;onde s\u00e3o apresentadas as provas publicas resultantes do ano, a mesma&nbsp;est\u00e1 sendo realizada por semestre a partir deste ano de 2018.<\/div>\n<div style=\"text-align: justify;\">\n<\/div>\n<div style=\"text-align: justify;\">\nO processo criado por Jackson Freire e Pedro Henrique conta com relatos&nbsp;contempor\u00e2neos e pol\u00edticos, transformando sentimentos e corpos em&nbsp;express\u00e3o de um grito de liberdade.<\/div>\n<div style=\"text-align: justify;\">\n<\/div>\n<div style=\"text-align: justify;\">\nEsta performance ser\u00e1 realizada com as (os) alunas (os) Adriana Martins,&nbsp;Andreza Yalen, Barbara sabino, Camila Barbosa, Helen Christine, Hugo&nbsp;Oliveira, J\u00falia Melo, Maria Gabriela Alves, Matheus Oliveira, Morgana&nbsp;Ara\u00fajo e Vict\u00f3ria Melo.<\/div>\n<div style=\"text-align: justify;\">\n<\/div>\n<div style=\"text-align: justify;\">\nA apresenta\u00e7\u00e3o ser\u00e1 gratuita, localizada em frente a casa do pife na&nbsp;esta\u00e7\u00e3o ferrovi\u00e1ria de caruaru as 20 horas.<\/div>\n","protected":false},"excerpt":{"rendered":"<p>Neste s\u00e1bado dia 18\/08 acontecera a performance \u201cl!berdade?\u201d,&nbsp;produzida pelo TEA, a performance ser\u00e1 dada como uma das provas&nbsp;publicas do curso&hellip;<\/p>\n","protected":false},"author":1,"featured_media":0,"comment_status":"open","ping_status":"open","sticky":false,"template":"","format":"standard","meta":{"footnotes":""},"categories":[1],"tags":[2,6,1547],"class_list":["post-1545","post","type-post","status-publish","format-standard","hentry","category-sem-categoria","tag-blog-do-edvaldo-magalhaes","tag-noticias","tag-teatro-experimental-de-arte-realiza-performance-em-pro-da-liberdade"],"_links":{"self":[{"href":"https:\/\/blogdoedvaldomagalhaes.com.br\/index.php\/wp-json\/wp\/v2\/posts\/1545","targetHints":{"allow":["GET"]}}],"collection":[{"href":"https:\/\/blogdoedvaldomagalhaes.com.br\/index.php\/wp-json\/wp\/v2\/posts"}],"about":[{"href":"https:\/\/blogdoedvaldomagalhaes.com.br\/index.php\/wp-json\/wp\/v2\/types\/post"}],"author":[{"embeddable":true,"href":"https:\/\/blogdoedvaldomagalhaes.com.br\/index.php\/wp-json\/wp\/v2\/users\/1"}],"replies":[{"embeddable":true,"href":"https:\/\/blogdoedvaldomagalhaes.com.br\/index.php\/wp-json\/wp\/v2\/comments?post=1545"}],"version-history":[{"count":1,"href":"https:\/\/blogdoedvaldomagalhaes.com.br\/index.php\/wp-json\/wp\/v2\/posts\/1545\/revisions"}],"predecessor-version":[{"id":33443,"href":"https:\/\/blogdoedvaldomagalhaes.com.br\/index.php\/wp-json\/wp\/v2\/posts\/1545\/revisions\/33443"}],"wp:attachment":[{"href":"https:\/\/blogdoedvaldomagalhaes.com.br\/index.php\/wp-json\/wp\/v2\/media?parent=1545"}],"wp:term":[{"taxonomy":"category","embeddable":true,"href":"https:\/\/blogdoedvaldomagalhaes.com.br\/index.php\/wp-json\/wp\/v2\/categories?post=1545"},{"taxonomy":"post_tag","embeddable":true,"href":"https:\/\/blogdoedvaldomagalhaes.com.br\/index.php\/wp-json\/wp\/v2\/tags?post=1545"}],"curies":[{"name":"wp","href":"https:\/\/api.w.org\/{rel}","templated":true}]}}