{"id":1544,"date":"2018-08-16T10:15:00","date_gmt":"2018-08-16T13:15:00","guid":{"rendered":"http:\/\/blogdoedvaldomagalhaes.com.br\/index.php\/2018\/08\/16\/brecho-solidario-da-casa-dos-pobres-sao\/"},"modified":"2019-02-09T02:28:02","modified_gmt":"2019-02-09T04:28:02","slug":"brecho-solidario-da-casa-dos-pobres-sao","status":"publish","type":"post","link":"https:\/\/blogdoedvaldomagalhaes.com.br\/index.php\/2018\/08\/16\/brecho-solidario-da-casa-dos-pobres-sao\/","title":{"rendered":"Brech\u00f3 Solid\u00e1rio da Casa dos Pobres S\u00e3o Francisco de Assis s\u00e1bado (18)"},"content":{"rendered":"<div class=\"separator\" style=\"clear: both; text-align: center;\">\n<a href=\"https:\/\/4.bp.blogspot.com\/-2aVhkmpRtTo\/W3VOe4b_TtI\/AAAAAAAA4Rc\/D-_JIbb4z98dREIMyauiCwIr60Pgxd6NQCLcBGAs\/s1600\/brech%25C3%25AD.jpg\" imageanchor=\"1\" style=\"margin-left: 1em; margin-right: 1em;\"><img loading=\"lazy\" decoding=\"async\" border=\"0\" data-original-height=\"375\" data-original-width=\"660\" height=\"362\" src=\"http:\/\/blogdoedvaldomagalhaes.com.br\/wp-content\/uploads\/2018\/08\/brechC3AD.jpg\" width=\"640\" \/><\/a><\/div>\n<div style=\"text-align: justify;\">\n<\/div>\n<div style=\"text-align: justify;\">\nNeste s\u00e1bado (18),&nbsp; a Casa dos Pobres S\u00e3o Francisco de Assis promove mais um BRECH\u00d3 SOLID\u00c1RIO. A venda dos produtos acontece no estacionamento da Casa. S\u00e3o pe\u00e7as novas e semi novas e com precinhos a partir de R$ 1,00. S\u00e3o roupas, cal\u00e7ados, acess\u00f3rios, bijuterias e muito mais para todas as idades. N\u00e3o percam e propague a nossa ideia. A venda dos produtos come\u00e7a a partir das 8h da manh\u00e3.&nbsp;<\/div>\n","protected":false},"excerpt":{"rendered":"<p>Neste s\u00e1bado (18),&nbsp; a Casa dos Pobres S\u00e3o Francisco de Assis promove mais um BRECH\u00d3 SOLID\u00c1RIO. A venda dos produtos&hellip;<\/p>\n","protected":false},"author":1,"featured_media":0,"comment_status":"open","ping_status":"open","sticky":false,"template":"","format":"standard","meta":{"footnotes":""},"categories":[1],"tags":[2,1546,6],"class_list":["post-1544","post","type-post","status-publish","format-standard","hentry","category-sem-categoria","tag-blog-do-edvaldo-magalhaes","tag-brecho-solidario-da-casa-dos-pobres-sao-francisco-de-assis-sabado-18","tag-noticias"],"_links":{"self":[{"href":"https:\/\/blogdoedvaldomagalhaes.com.br\/index.php\/wp-json\/wp\/v2\/posts\/1544","targetHints":{"allow":["GET"]}}],"collection":[{"href":"https:\/\/blogdoedvaldomagalhaes.com.br\/index.php\/wp-json\/wp\/v2\/posts"}],"about":[{"href":"https:\/\/blogdoedvaldomagalhaes.com.br\/index.php\/wp-json\/wp\/v2\/types\/post"}],"author":[{"embeddable":true,"href":"https:\/\/blogdoedvaldomagalhaes.com.br\/index.php\/wp-json\/wp\/v2\/users\/1"}],"replies":[{"embeddable":true,"href":"https:\/\/blogdoedvaldomagalhaes.com.br\/index.php\/wp-json\/wp\/v2\/comments?post=1544"}],"version-history":[{"count":1,"href":"https:\/\/blogdoedvaldomagalhaes.com.br\/index.php\/wp-json\/wp\/v2\/posts\/1544\/revisions"}],"predecessor-version":[{"id":33445,"href":"https:\/\/blogdoedvaldomagalhaes.com.br\/index.php\/wp-json\/wp\/v2\/posts\/1544\/revisions\/33445"}],"wp:attachment":[{"href":"https:\/\/blogdoedvaldomagalhaes.com.br\/index.php\/wp-json\/wp\/v2\/media?parent=1544"}],"wp:term":[{"taxonomy":"category","embeddable":true,"href":"https:\/\/blogdoedvaldomagalhaes.com.br\/index.php\/wp-json\/wp\/v2\/categories?post=1544"},{"taxonomy":"post_tag","embeddable":true,"href":"https:\/\/blogdoedvaldomagalhaes.com.br\/index.php\/wp-json\/wp\/v2\/tags?post=1544"}],"curies":[{"name":"wp","href":"https:\/\/api.w.org\/{rel}","templated":true}]}}