{"id":1543,"date":"2018-08-16T14:43:00","date_gmt":"2018-08-16T17:43:00","guid":{"rendered":"http:\/\/blogdoedvaldomagalhaes.com.br\/index.php\/2018\/08\/16\/2-motovida-sera-realizado-em-caruaru\/"},"modified":"2019-02-09T02:28:03","modified_gmt":"2019-02-09T04:28:03","slug":"2-motovida-sera-realizado-em-caruaru","status":"publish","type":"post","link":"https:\/\/blogdoedvaldomagalhaes.com.br\/index.php\/2018\/08\/16\/2-motovida-sera-realizado-em-caruaru\/","title":{"rendered":"2\u00b0 MotoVida ser\u00e1 realizado em Caruaru s\u00e1bado (18)"},"content":{"rendered":"<div class=\"separator\" style=\"clear: both; text-align: center;\">\n<a href=\"https:\/\/3.bp.blogspot.com\/-FlaL8lq3FDk\/W3WNHUwnWEI\/AAAAAAAA4Rs\/V_HMUk_EtLYzmMrc7w7CxdCqnZpguoHOACLcBGAs\/s1600\/moto.jpg\" imageanchor=\"1\" style=\"margin-left: 1em; margin-right: 1em;\"><img loading=\"lazy\" decoding=\"async\" border=\"0\" data-original-height=\"512\" data-original-width=\"408\" height=\"640\" src=\"http:\/\/blogdoedvaldomagalhaes.com.br\/wp-content\/uploads\/2018\/08\/moto-1.jpg\" width=\"508\" \/><\/a><\/div>\n<div style=\"text-align: justify;\">\n<\/div>\n<div style=\"text-align: justify;\">\nA Faculdade UNINASSAU Caruaru e o Observat\u00f3rio de Tr\u00e2nsito de Caruaru realizam no pr\u00f3ximo s\u00e1bado (18), a partir das 13h, a segunda edi\u00e7\u00e3o do evento MotoVida, que tem como objetivo estimular o motociclista para que seja um agente na diminui\u00e7\u00e3o de acidentes na estrada. A entrada \u00e9 gratuita e o evento ser\u00e1 realizado no audit\u00f3rio e no p\u00e1tio da Institui\u00e7\u00e3o de Ensino Superior (IES).<\/div>\n<div style=\"text-align: justify;\">\n<\/div>\n<div style=\"text-align: justify;\">\nEste ano, o tema escolhido \u00e9 \u201cMotociclista Bom \u00e9 Motociclista Vivo\u201d e durante o evento haver\u00e1 um debate quanto \u00e0 seguran\u00e7a, leis e os cuidados em caso de acidentes de tr\u00e2nsito. Na programa\u00e7\u00e3o ainda costa a confer\u00eancia sobre pilotagem defensiva, orienta\u00e7\u00f5es sobre procedimentos de seguran\u00e7a, leis e primeiros socorros, al\u00e9m de sorteio de brindes.&nbsp;<\/div>\n<div style=\"text-align: justify;\">\n<\/div>\n<div style=\"text-align: justify;\">\nAs inscri\u00e7\u00f5es podem ser feitas no link http:\/\/sereduc.com\/vekNEc ou presencialmente na Faculdade, no dia e hor\u00e1rio do evento. Os participantes devem levar um quilo de alimento n\u00e3o perec\u00edvel, que ser\u00e3o destinados para comunidades carentes da cidade. A faculdade est\u00e1 localizada no entroncamento da BR-232 com a 104, Km 68, 1215.<\/div>\n<div style=\"text-align: justify;\">\n<\/div>\n<div style=\"text-align: justify;\">\n<b>Confira a programa\u00e7\u00e3o:&nbsp;<\/b><\/div>\n<div style=\"text-align: justify;\">\n<b><br \/><\/b><\/div>\n<div style=\"text-align: justify;\">\n13h- Credenciamento<\/div>\n<div style=\"text-align: justify;\">\n<\/div>\n<div style=\"text-align: justify;\">\n13h30- Abertura do evento<\/div>\n<div style=\"text-align: justify;\">\n<\/div>\n<div style=\"text-align: justify;\">\n13h40- Confer\u00eancia de abertura com o tema \u201cPilotagem Defensiva\u201d<\/div>\n<div style=\"text-align: justify;\">\n<\/div>\n<div style=\"text-align: justify;\">\n14h20- Orienta\u00e7\u00f5es: procedimentos, leis e primeiros socorros (PRF, Bombeiros, Samu)<\/div>\n<div style=\"text-align: justify;\">\n<\/div>\n<div style=\"text-align: justify;\">\n15h- Coffe Break<\/div>\n<div style=\"text-align: justify;\">\n<\/div>\n<div style=\"text-align: justify;\">\n15h30- Sorteio de brindes<\/div>\n<div style=\"text-align: justify;\">\n<\/div>\n<div style=\"text-align: justify;\">\n15h40- Visitas aos estandes das marcas parceiras, no p\u00e1tio da faculdade<\/div>\n<div style=\"text-align: justify;\">\n<\/div>\n<div style=\"text-align: justify;\">\n17h- Encerramento<\/div>\n<div style=\"text-align: justify;\">\n<\/div>\n","protected":false},"excerpt":{"rendered":"<p>A Faculdade UNINASSAU Caruaru e o Observat\u00f3rio de Tr\u00e2nsito de Caruaru realizam no pr\u00f3ximo s\u00e1bado (18), a partir das 13h,&hellip;<\/p>\n","protected":false},"author":1,"featured_media":0,"comment_status":"open","ping_status":"open","sticky":false,"template":"","format":"standard","meta":{"footnotes":""},"categories":[1],"tags":[1545,2,6],"class_list":["post-1543","post","type-post","status-publish","format-standard","hentry","category-sem-categoria","tag-2-motovida-sera-realizado-em-caruaru-sabado-18","tag-blog-do-edvaldo-magalhaes","tag-noticias"],"_links":{"self":[{"href":"https:\/\/blogdoedvaldomagalhaes.com.br\/index.php\/wp-json\/wp\/v2\/posts\/1543","targetHints":{"allow":["GET"]}}],"collection":[{"href":"https:\/\/blogdoedvaldomagalhaes.com.br\/index.php\/wp-json\/wp\/v2\/posts"}],"about":[{"href":"https:\/\/blogdoedvaldomagalhaes.com.br\/index.php\/wp-json\/wp\/v2\/types\/post"}],"author":[{"embeddable":true,"href":"https:\/\/blogdoedvaldomagalhaes.com.br\/index.php\/wp-json\/wp\/v2\/users\/1"}],"replies":[{"embeddable":true,"href":"https:\/\/blogdoedvaldomagalhaes.com.br\/index.php\/wp-json\/wp\/v2\/comments?post=1543"}],"version-history":[{"count":1,"href":"https:\/\/blogdoedvaldomagalhaes.com.br\/index.php\/wp-json\/wp\/v2\/posts\/1543\/revisions"}],"predecessor-version":[{"id":33447,"href":"https:\/\/blogdoedvaldomagalhaes.com.br\/index.php\/wp-json\/wp\/v2\/posts\/1543\/revisions\/33447"}],"wp:attachment":[{"href":"https:\/\/blogdoedvaldomagalhaes.com.br\/index.php\/wp-json\/wp\/v2\/media?parent=1543"}],"wp:term":[{"taxonomy":"category","embeddable":true,"href":"https:\/\/blogdoedvaldomagalhaes.com.br\/index.php\/wp-json\/wp\/v2\/categories?post=1543"},{"taxonomy":"post_tag","embeddable":true,"href":"https:\/\/blogdoedvaldomagalhaes.com.br\/index.php\/wp-json\/wp\/v2\/tags?post=1543"}],"curies":[{"name":"wp","href":"https:\/\/api.w.org\/{rel}","templated":true}]}}