{"id":1540,"date":"2018-08-16T17:23:00","date_gmt":"2018-08-16T20:23:00","guid":{"rendered":"http:\/\/blogdoedvaldomagalhaes.com.br\/index.php\/2018\/08\/16\/preso-resgatado-de-dentro-da-viatura-do\/"},"modified":"2019-02-09T02:28:04","modified_gmt":"2019-02-09T04:28:04","slug":"preso-resgatado-de-dentro-da-viatura-do","status":"publish","type":"post","link":"https:\/\/blogdoedvaldomagalhaes.com.br\/index.php\/2018\/08\/16\/preso-resgatado-de-dentro-da-viatura-do\/","title":{"rendered":"Preso resgatado de dentro da viatura do sistema prisional, ap\u00f3s audi\u00eancia em Caruaru"},"content":{"rendered":"<div class=\"separator\" style=\"clear: both; text-align: center;\">\n<a href=\"https:\/\/2.bp.blogspot.com\/-OhOpPG2vKW8\/W3Wxg_sbE6I\/AAAAAAAA4SU\/ABTxH2DgW04emr1j6DnUsWRWnqKpY3eaACLcBGAs\/s1600\/viatura.jpg\" imageanchor=\"1\" style=\"margin-left: 1em; margin-right: 1em;\"><img loading=\"lazy\" decoding=\"async\" border=\"0\" data-original-height=\"539\" data-original-width=\"960\" height=\"354\" src=\"http:\/\/blogdoedvaldomagalhaes.com.br\/wp-content\/uploads\/2018\/08\/viatura.jpg\" width=\"640\" \/><\/a><\/div>\n<div style=\"text-align: justify;\">\n<div style=\"text-align: center;\">\nFotos: Reprodu\u00e7\u00e3o\/WhatsaApp<\/div>\n<\/div>\n<div style=\"text-align: justify;\">\n<div style=\"text-align: center;\">\n<\/div>\n<\/div>\n<div style=\"text-align: justify;\">\nUm detento foi resgatado na manh\u00e3 desta quinta-feira (15), ap\u00f3s voltar de uma audi\u00eancia, em um trecho da PE-60, entre os munic\u00edpios de Vit\u00f3ria de Santo Ant\u00e3o e Gl\u00f3ria do Goit\u00e1, na Zona da Mata de Pernambuco. Outros dois detentos estavam na viatura da Secret\u00e1ria de Ressocializa\u00e7\u00e3o do Estado (Seres). De acordo com as informa\u00e7\u00f5es do 21\u00ba Batalh\u00e3o da Pol\u00edcia Militar (BPM), por volta das 8h40, a viatura foi interceptada por quatro homens armados em dois ve\u00edculos. Os detentos estavam sendo escoltados para o Pres\u00eddio Dr. Enio Pessoa Guerra, em Limoeiro, no Agreste do estado. Durante a abordagem, o preso Geovane Barbosa Leite, de 33 anos, que cumpria pena por homic\u00eddio, foi retirado da viatura. As armas dos agentes penitenci\u00e1rios foram roubadas. A PM foi acionada por populares.&nbsp;&nbsp;<\/p>\n<\/div>\n<div style=\"text-align: justify;\">\n<div class=\"separator\" style=\"clear: both; text-align: center;\">\n<a href=\"https:\/\/2.bp.blogspot.com\/-nHZ4XyBj9Nc\/W3WzL6HITXI\/AAAAAAAA4Sg\/p-vrhYE3lPocn1GplVnPGdeMhxg6xQDMQCLcBGAs\/s1600\/carro.jpg\" imageanchor=\"1\" style=\"margin-left: 1em; margin-right: 1em;\"><img loading=\"lazy\" decoding=\"async\" border=\"0\" data-original-height=\"349\" data-original-width=\"620\" height=\"354\" src=\"http:\/\/blogdoedvaldomagalhaes.com.br\/wp-content\/uploads\/2018\/08\/carro.jpg\" width=\"640\" \/><\/a><\/div>\n<p><\/div>\n<div style=\"text-align: justify;\">\nO grupo fugiu em dire\u00e7\u00e3o ao Vit\u00f3ria Park Shopping, onde abandonaram os dois ve\u00edculos e continuaram a fuga em outro carro, que j\u00e1 estava esperando no local. A PM acredita que o grupo seguiu em dire\u00e7\u00e3o \u00e0 Caruaru.&nbsp; &nbsp;A Pol\u00edcia Civil est\u00e1 investigando o caso.&nbsp;&nbsp;<\/p>\n<\/div>\n<div style=\"text-align: justify;\">\n<div class=\"separator\" style=\"clear: both; text-align: center;\">\n<a href=\"https:\/\/3.bp.blogspot.com\/-b1rjI9sCqAE\/W3WzR7LSPPI\/AAAAAAAA4Sk\/t05BB5hcRiYY9jcKrB3xf6bZTU2NgSVsACLcBGAs\/s1600\/carro1.jpg\" imageanchor=\"1\" style=\"margin-left: 1em; margin-right: 1em;\"><img loading=\"lazy\" decoding=\"async\" border=\"0\" data-original-height=\"349\" data-original-width=\"620\" height=\"354\" src=\"http:\/\/blogdoedvaldomagalhaes.com.br\/wp-content\/uploads\/2018\/08\/carro1.jpg\" width=\"640\" \/><\/a><\/div>\n<\/div>\n<div style=\"text-align: justify;\">\n<b>Nota \u00e0 imprensa \u2013 Resgate de detento<\/b><\/div>\n<div style=\"text-align: justify;\">\n<\/div>\n<div style=\"text-align: justify;\">\nO secret\u00e1rio de Justi\u00e7a e Direitos Humanos, Pedro Eurico, informa que todas as autoridades competentes j\u00e1 foram acionadas para atuar na recaptura do detento Geovane Barbosa Leite, 33 anos, resgatado na manh\u00e3 desta quinta-feira (16\/08), entre os munic\u00edpios de Vit\u00f3ria de Santo Ant\u00e3o e Limoeiro, no Agreste do Estado, quando voltava de uma audi\u00eancia realizada em Caruaru.<\/div>\n<div style=\"text-align: justify;\">\n<\/div>\n<div style=\"text-align: justify;\">\nO gestor considera o fato de grande gravidade e assegura que as for\u00e7as policiais e o n\u00facleo de intelig\u00eancia da Secretaria Executiva de Ressocializa\u00e7\u00e3o (Seres) n\u00e3o cessar\u00e3o at\u00e9 que o foragido seja reconduzido \u00e0 unidade prisional e que os seus comparsas sejam identificados e punidos com rigor. A Seres tamb\u00e9m abrir\u00e1 um procedimento administrativo para apurar o caso.<\/div>\n<div style=\"text-align: justify;\">\n<\/div>\n","protected":false},"excerpt":{"rendered":"<p>Fotos: Reprodu\u00e7\u00e3o\/WhatsaApp Um detento foi resgatado na manh\u00e3 desta quinta-feira (15), ap\u00f3s voltar de uma audi\u00eancia, em um trecho da&hellip;<\/p>\n","protected":false},"author":1,"featured_media":0,"comment_status":"open","ping_status":"open","sticky":false,"template":"","format":"standard","meta":{"footnotes":""},"categories":[1],"tags":[1540,2,13,1541],"class_list":["post-1540","post","type-post","status-publish","format-standard","hentry","category-sem-categoria","tag-apos-audiencia-em-caruaru","tag-blog-do-edvaldo-magalhaes","tag-policial","tag-preso-resgatado-de-dentro-da-viatura-do-sistema-prisional"],"_links":{"self":[{"href":"https:\/\/blogdoedvaldomagalhaes.com.br\/index.php\/wp-json\/wp\/v2\/posts\/1540","targetHints":{"allow":["GET"]}}],"collection":[{"href":"https:\/\/blogdoedvaldomagalhaes.com.br\/index.php\/wp-json\/wp\/v2\/posts"}],"about":[{"href":"https:\/\/blogdoedvaldomagalhaes.com.br\/index.php\/wp-json\/wp\/v2\/types\/post"}],"author":[{"embeddable":true,"href":"https:\/\/blogdoedvaldomagalhaes.com.br\/index.php\/wp-json\/wp\/v2\/users\/1"}],"replies":[{"embeddable":true,"href":"https:\/\/blogdoedvaldomagalhaes.com.br\/index.php\/wp-json\/wp\/v2\/comments?post=1540"}],"version-history":[{"count":1,"href":"https:\/\/blogdoedvaldomagalhaes.com.br\/index.php\/wp-json\/wp\/v2\/posts\/1540\/revisions"}],"predecessor-version":[{"id":33455,"href":"https:\/\/blogdoedvaldomagalhaes.com.br\/index.php\/wp-json\/wp\/v2\/posts\/1540\/revisions\/33455"}],"wp:attachment":[{"href":"https:\/\/blogdoedvaldomagalhaes.com.br\/index.php\/wp-json\/wp\/v2\/media?parent=1540"}],"wp:term":[{"taxonomy":"category","embeddable":true,"href":"https:\/\/blogdoedvaldomagalhaes.com.br\/index.php\/wp-json\/wp\/v2\/categories?post=1540"},{"taxonomy":"post_tag","embeddable":true,"href":"https:\/\/blogdoedvaldomagalhaes.com.br\/index.php\/wp-json\/wp\/v2\/tags?post=1540"}],"curies":[{"name":"wp","href":"https:\/\/api.w.org\/{rel}","templated":true}]}}