{"id":1539,"date":"2018-08-16T22:19:00","date_gmt":"2018-08-17T01:19:00","guid":{"rendered":"http:\/\/blogdoedvaldomagalhaes.com.br\/index.php\/2018\/08\/16\/homem-assassinado-dentro-de-bar-na-zona\/"},"modified":"2019-02-09T02:28:05","modified_gmt":"2019-02-09T04:28:05","slug":"homem-assassinado-dentro-de-bar-na-zona","status":"publish","type":"post","link":"https:\/\/blogdoedvaldomagalhaes.com.br\/index.php\/2018\/08\/16\/homem-assassinado-dentro-de-bar-na-zona\/","title":{"rendered":"Homem assassinado dentro de bar na zona rural de Caruaru"},"content":{"rendered":"<div class=\"separator\" style=\"clear: both; text-align: center;\">\n<a href=\"https:\/\/2.bp.blogspot.com\/-AIhmgR3PpG8\/W3X7cMj9BOI\/AAAAAAAA4Ts\/kn-9-ICMRhg09T8pnWNkQWG3MdaFnEKpACLcBGAs\/s1600\/IMG-20180816-WA0282.jpg\" imageanchor=\"1\" style=\"margin-left: 1em; margin-right: 1em;\"><img loading=\"lazy\" decoding=\"async\" border=\"0\" data-original-height=\"720\" data-original-width=\"1280\" height=\"360\" src=\"http:\/\/blogdoedvaldomagalhaes.com.br\/wp-content\/uploads\/2018\/08\/IMG-20180816-WA0282.jpg\" width=\"640\" \/><\/a><\/div>\n<div class=\"separator\" style=\"clear: both; text-align: center;\">\n<\/div>\n<div class=\"separator\" style=\"clear: both; text-align: center;\">\n<a href=\"https:\/\/4.bp.blogspot.com\/-JLnV-9ql-mo\/W3X3wjXWrdI\/AAAAAAAA4TY\/uFpMfpvEkjo29bPL9C8vQZtq2g_watutQCLcBGAs\/s1600\/IMG-20180816-WA0275.jpg\" imageanchor=\"1\" style=\"margin-left: 1em; margin-right: 1em;\"><img loading=\"lazy\" decoding=\"async\" border=\"0\" data-original-height=\"1600\" data-original-width=\"1200\" height=\"640\" src=\"http:\/\/blogdoedvaldomagalhaes.com.br\/wp-content\/uploads\/2018\/08\/IMG-20180816-WA0275.jpg\" width=\"480\" \/><\/a><\/div>\n<div class=\"separator\" style=\"clear: both; text-align: center;\">\nFotos: Renan da Funer\u00e1ria<\/div>\n<div class=\"separator\" style=\"clear: both; text-align: center;\">\n<\/div>\n<div class=\"separator\" style=\"clear: both; text-align: justify;\">\nMais um crime de morte registrado no munic\u00edpio de Caruaru, desta feita na Vila Rafael, no 2\u00ba distrito. A v\u00edtima foi C\u00edcero Gon\u00e7alves da Silva (Tita), de 44 anos de idade, morava no s\u00edtio Palmat\u00f3ria. A v\u00edtima bebeu em um bar, depois foi para outro bar jogar baralho com amigos, quando chegaram dois indiv\u00edduos em uma motocicleta, o garupa entrou no bar, mandou o pessoal que estava na mesa deitar no ch\u00e3o, e efetuou disparos de arma de fogo na v\u00edtima, que morreu sentada. O corpo ser\u00e1 levado para o IML de Caruaru<\/div>\n<div dir=\"ltr\" style=\"background-color: white; box-sizing: border-box; color: #7b848f; font-family: &quot;Droid Serif&quot;; font-size: 14px; margin-bottom: 10px;\">\n<br style=\"box-sizing: border-box;\" \/><\/div>\n<div class=\"separator\" style=\"clear: both; text-align: center;\">\n<a href=\"https:\/\/1.bp.blogspot.com\/-VdiceUapieI\/W3YAxzXikII\/AAAAAAAA4T4\/-rxZB8AxGw41DM2U4tAw4T76K0gcBhNJwCLcBGAs\/s1600\/IMG-20180816-WA0310.jpg\" imageanchor=\"1\" style=\"margin-left: 1em; margin-right: 1em;\"><img loading=\"lazy\" decoding=\"async\" border=\"0\" data-original-height=\"540\" data-original-width=\"231\" height=\"640\" src=\"http:\/\/blogdoedvaldomagalhaes.com.br\/wp-content\/uploads\/2018\/08\/IMG-20180816-WA0310.jpg\" width=\"270\" \/><\/a><\/div>\n<div class=\"separator\" style=\"clear: both; text-align: center;\">\nFoto da v\u00edtima<\/div>\n<div class=\"separator\" style=\"clear: both; text-align: center;\">\n<\/div>\n<div class=\"separator\" style=\"clear: both; text-align: justify;\">\nUm irm\u00e3o da v\u00edtima contou que h\u00e1 alguns anos, o &#8220;Tita&#8221; teve uma passagem pela pol\u00edcia, devido uma desaven\u00e7a com a esposa, mas, foi liberado em seguida, e n\u00e3o soube contar o motivo do homic\u00eddio.<\/div>\n<div class=\"separator\" style=\"clear: both; text-align: justify;\">\n<\/div>\n<div class=\"separator\" style=\"clear: both; text-align: center;\">\n<a href=\"https:\/\/1.bp.blogspot.com\/-tM-eX37tgTY\/W3X3yn8BO6I\/AAAAAAAA4Tc\/DYPeRHC-2zoAMgZwJKZiwK2OZwPzgCDhQCLcBGAs\/s1600\/IMG-20180816-WA0277.jpg\" imageanchor=\"1\" style=\"margin-left: 1em; margin-right: 1em;\"><img loading=\"lazy\" decoding=\"async\" border=\"0\" data-original-height=\"960\" data-original-width=\"1280\" height=\"480\" src=\"http:\/\/blogdoedvaldomagalhaes.com.br\/wp-content\/uploads\/2018\/08\/IMG-20180816-WA0277.jpg\" width=\"640\" \/><\/a><\/div>\n<p><\/p>\n<div style=\"text-align: justify;\">\nEste foi o 3\u00ba homic\u00eddio no m\u00eas de agosto em Caruaru, e o 114\u00ba ano.<\/div>\n","protected":false},"excerpt":{"rendered":"<p>Fotos: Renan da Funer\u00e1ria Mais um crime de morte registrado no munic\u00edpio de Caruaru, desta feita na Vila Rafael, no&hellip;<\/p>\n","protected":false},"author":1,"featured_media":0,"comment_status":"open","ping_status":"open","sticky":false,"template":"","format":"standard","meta":{"footnotes":""},"categories":[1],"tags":[2,1539,13],"class_list":["post-1539","post","type-post","status-publish","format-standard","hentry","category-sem-categoria","tag-blog-do-edvaldo-magalhaes","tag-homem-assassinado-dentro-de-bar-na-zona-rural-de-caruaru","tag-policial"],"_links":{"self":[{"href":"https:\/\/blogdoedvaldomagalhaes.com.br\/index.php\/wp-json\/wp\/v2\/posts\/1539","targetHints":{"allow":["GET"]}}],"collection":[{"href":"https:\/\/blogdoedvaldomagalhaes.com.br\/index.php\/wp-json\/wp\/v2\/posts"}],"about":[{"href":"https:\/\/blogdoedvaldomagalhaes.com.br\/index.php\/wp-json\/wp\/v2\/types\/post"}],"author":[{"embeddable":true,"href":"https:\/\/blogdoedvaldomagalhaes.com.br\/index.php\/wp-json\/wp\/v2\/users\/1"}],"replies":[{"embeddable":true,"href":"https:\/\/blogdoedvaldomagalhaes.com.br\/index.php\/wp-json\/wp\/v2\/comments?post=1539"}],"version-history":[{"count":1,"href":"https:\/\/blogdoedvaldomagalhaes.com.br\/index.php\/wp-json\/wp\/v2\/posts\/1539\/revisions"}],"predecessor-version":[{"id":33460,"href":"https:\/\/blogdoedvaldomagalhaes.com.br\/index.php\/wp-json\/wp\/v2\/posts\/1539\/revisions\/33460"}],"wp:attachment":[{"href":"https:\/\/blogdoedvaldomagalhaes.com.br\/index.php\/wp-json\/wp\/v2\/media?parent=1539"}],"wp:term":[{"taxonomy":"category","embeddable":true,"href":"https:\/\/blogdoedvaldomagalhaes.com.br\/index.php\/wp-json\/wp\/v2\/categories?post=1539"},{"taxonomy":"post_tag","embeddable":true,"href":"https:\/\/blogdoedvaldomagalhaes.com.br\/index.php\/wp-json\/wp\/v2\/tags?post=1539"}],"curies":[{"name":"wp","href":"https:\/\/api.w.org\/{rel}","templated":true}]}}