{"id":1538,"date":"2018-08-17T17:19:00","date_gmt":"2018-08-17T20:19:00","guid":{"rendered":"http:\/\/blogdoedvaldomagalhaes.com.br\/index.php\/2018\/08\/17\/confirmados-dois-casos-de-sarampo-e\/"},"modified":"2019-02-09T02:28:05","modified_gmt":"2019-02-09T04:28:05","slug":"confirmados-dois-casos-de-sarampo-e","status":"publish","type":"post","link":"https:\/\/blogdoedvaldomagalhaes.com.br\/index.php\/2018\/08\/17\/confirmados-dois-casos-de-sarampo-e\/","title":{"rendered":"Confirmados dois casos de sarampo em Pernambuco"},"content":{"rendered":"<div class=\"separator\" style=\"clear: both; text-align: center;\">\n<a href=\"https:\/\/4.bp.blogspot.com\/-vEOFm0Io98o\/W3cDYNu7q0I\/AAAAAAAA4Vg\/tiRLnalC7aUrUik5ZgyvCtVMN_cTN9hJQCLcBGAs\/s1600\/ele.jpg\" imageanchor=\"1\" style=\"margin-left: 1em; margin-right: 1em;\"><img loading=\"lazy\" decoding=\"async\" border=\"0\" data-original-height=\"750\" data-original-width=\"1125\" height=\"426\" src=\"http:\/\/blogdoedvaldomagalhaes.com.br\/wp-content\/uploads\/2018\/08\/ele-4.jpg\" width=\"640\" \/><\/a><\/div>\n<div class=\"separator\" style=\"clear: both; text-align: center;\">\nImagem ilustrativa<\/div>\n<p><\/p>\n<div style=\"background-color: white; box-sizing: border-box; line-height: 24px; margin-bottom: 10px; text-align: justify;\">\nA Scretaria Estadual de Sa\u00fade (SES) e a Secretaria de Sa\u00fade do Recife confirmam dois casos de sarampo no Estado. Trata-se de um homem de 27 anos com hist\u00f3rico de viagem no in\u00edcio de julho para&nbsp;Manaus, \u00e1rea onde est\u00e1 circulando o v\u00edrus. Em Manaus, ele teve contato com um caso suspeito. A segunda ocorr\u00eancia \u00e9 de uma menina de 2 anos, sobrinha do homem e que mora com ele no Recife.&nbsp;Os dois n\u00e3o comprovaram vacina\u00e7\u00e3o para tr\u00edplice viral.<\/div>\n<div style=\"background-color: white; box-sizing: border-box; line-height: 24px; margin-bottom: 10px; text-align: justify;\">\nAp\u00f3s resultado laboratorial preliminar do&nbsp;Laborat\u00f3rio Central de Pernambuco (Lacen-PE), n\u00e3o conclusivo, mas sugestivo para doen\u00e7a, as amostras de sangue dos pacientes foram encaminhadas para a Funda\u00e7\u00e3o Oswaldo Cruz do Rio de Janeiro (Fiocruz-RJ), laborat\u00f3rio de refer\u00eancia nacional que confirmou a doen\u00e7a.<\/div>\n<div style=\"background-color: white; box-sizing: border-box; line-height: 24px; margin-bottom: 10px; text-align: justify;\">\nDe acordo com a Fiocruz-RJ, a menina de 2 anos teve resultado positivo por meio das t\u00e9cnicas de PCR e sorologia, enquanto o homem teve sorologia positiva. Os outros tr\u00eas casos relacionados a esses pacientes (dois familiares e uma funcion\u00e1ria) continuam em an\u00e1lise.<\/div>\n<div style=\"background-color: white; box-sizing: border-box; line-height: 24px; margin-bottom: 10px; text-align: justify;\">\n\u00c9 importante ressaltar que, logo ap\u00f3s a notifica\u00e7\u00e3o dos casos, as medidas de vigil\u00e2ncia e controle foram executadas pelas secretarias de Sa\u00fade do Recife (de origem dos pacientes) e de Jaboat\u00e3o dos Guararapes (onde o homem trabalha), com o apoio da Secretaria Estadual de Sa\u00fade. Entre as a\u00e7\u00f5es,&nbsp;bloqueio vacinal de contatos com os casos confirmados, como \u00e9 preconizado pelo Minist\u00e9rio da Sa\u00fade (MS). Todos os \u00f3rg\u00e3os continuam vigilantes para a situa\u00e7\u00e3o.<\/div>\n<div style=\"text-align: justify;\">\n<\/div>\n","protected":false},"excerpt":{"rendered":"<p>Imagem ilustrativa A Scretaria Estadual de Sa\u00fade (SES) e a Secretaria de Sa\u00fade do Recife confirmam dois casos de sarampo&hellip;<\/p>\n","protected":false},"author":1,"featured_media":0,"comment_status":"open","ping_status":"open","sticky":false,"template":"","format":"standard","meta":{"footnotes":""},"categories":[1],"tags":[2,1538,6],"class_list":["post-1538","post","type-post","status-publish","format-standard","hentry","category-sem-categoria","tag-blog-do-edvaldo-magalhaes","tag-confirmados-dois-casos-de-sarampo-em-pernambuco","tag-noticias"],"_links":{"self":[{"href":"https:\/\/blogdoedvaldomagalhaes.com.br\/index.php\/wp-json\/wp\/v2\/posts\/1538","targetHints":{"allow":["GET"]}}],"collection":[{"href":"https:\/\/blogdoedvaldomagalhaes.com.br\/index.php\/wp-json\/wp\/v2\/posts"}],"about":[{"href":"https:\/\/blogdoedvaldomagalhaes.com.br\/index.php\/wp-json\/wp\/v2\/types\/post"}],"author":[{"embeddable":true,"href":"https:\/\/blogdoedvaldomagalhaes.com.br\/index.php\/wp-json\/wp\/v2\/users\/1"}],"replies":[{"embeddable":true,"href":"https:\/\/blogdoedvaldomagalhaes.com.br\/index.php\/wp-json\/wp\/v2\/comments?post=1538"}],"version-history":[{"count":1,"href":"https:\/\/blogdoedvaldomagalhaes.com.br\/index.php\/wp-json\/wp\/v2\/posts\/1538\/revisions"}],"predecessor-version":[{"id":33462,"href":"https:\/\/blogdoedvaldomagalhaes.com.br\/index.php\/wp-json\/wp\/v2\/posts\/1538\/revisions\/33462"}],"wp:attachment":[{"href":"https:\/\/blogdoedvaldomagalhaes.com.br\/index.php\/wp-json\/wp\/v2\/media?parent=1538"}],"wp:term":[{"taxonomy":"category","embeddable":true,"href":"https:\/\/blogdoedvaldomagalhaes.com.br\/index.php\/wp-json\/wp\/v2\/categories?post=1538"},{"taxonomy":"post_tag","embeddable":true,"href":"https:\/\/blogdoedvaldomagalhaes.com.br\/index.php\/wp-json\/wp\/v2\/tags?post=1538"}],"curies":[{"name":"wp","href":"https:\/\/api.w.org\/{rel}","templated":true}]}}