{"id":1535,"date":"2018-08-17T17:49:00","date_gmt":"2018-08-17T20:49:00","guid":{"rendered":"http:\/\/blogdoedvaldomagalhaes.com.br\/index.php\/2018\/08\/17\/curso-de-sustentabilidade-na\/"},"modified":"2019-02-09T02:28:09","modified_gmt":"2019-02-09T04:28:09","slug":"curso-de-sustentabilidade-na","status":"publish","type":"post","link":"https:\/\/blogdoedvaldomagalhaes.com.br\/index.php\/2018\/08\/17\/curso-de-sustentabilidade-na\/","title":{"rendered":"Curso de Sustentabilidade na Administra\u00e7\u00e3o P\u00fablica ser\u00e1 realizado em Caruaru"},"content":{"rendered":"<div class=\"separator\" style=\"clear: both; text-align: center;\">\n<a href=\"https:\/\/2.bp.blogspot.com\/-gcQ1BEdXjyc\/W3cKqbuY-BI\/AAAAAAAA4WE\/ARRP7MFyt2kzNzUqWJyB_N2r_7pbmjtoACLcBGAs\/s1600\/cd.jpg\" imageanchor=\"1\" style=\"margin-left: 1em; margin-right: 1em;\"><img loading=\"lazy\" decoding=\"async\" border=\"0\" data-original-height=\"429\" data-original-width=\"1600\" height=\"170\" src=\"http:\/\/blogdoedvaldomagalhaes.com.br\/wp-content\/uploads\/2018\/08\/cd.jpg\" width=\"640\" \/><\/a><\/div>\n<div style=\"text-align: justify;\">\n<\/div>\n<div style=\"text-align: justify;\">\nO Minist\u00e9rio do Meio Ambiente e o Programa das Na\u00e7\u00f5es Unidas para o Meio Ambiente (ONU Meio Ambiente) e a Prefeitura de Caruaru, por meio da Secretaria de Urbanismo e Obras, realizam, nos dias 20 e 21 de agosto, o Curso de Sustentabilidade na Administra\u00e7\u00e3o P\u00fablica.<\/div>\n<div style=\"text-align: justify;\">\n<\/div>\n<div style=\"text-align: justify;\">\nO objetivo do curso \u00e9 levar para o conhecimento dos participantes o Programa Agenda Ambiental na Administra\u00e7\u00e3o P\u00fablica (A3P do Meio Ambiente) e promover a pr\u00e1tica de sustentabilidade, visando a prote\u00e7\u00e3o do meio ambiente e consequente economia de recursos.<\/div>\n<div style=\"text-align: justify;\">\n<\/div>\n<div style=\"text-align: justify;\">\nO curso ser\u00e1 realizado na C\u00e2mara de Dirigentes Lojistas de Caruaru (CDL), localizada na Rua Floriano Peixoto, n\u00ba 85, Nossa Senhora das Dores, e ser\u00e1 destinado para representantes dos executivos municipal, estadual e federal, com um total de 50 vagas dispon\u00edveis.<\/div>\n<div style=\"text-align: justify;\">\n<\/div>\n<div style=\"text-align: justify;\">\nPara se inscrever, basta acessar o link abaixo: https:\/\/docs.google.com\/forms\/d\/1qpC-1hzY5GFNTjHUe9okadApGdHBjxtYX_8_POqAg40\/viewform?edit_requested=true<\/div>\n<div style=\"text-align: justify;\">\n<\/div>\n<div style=\"text-align: justify;\">\n<b>Programa\u00e7\u00e3o:<\/b><\/div>\n<div style=\"text-align: justify;\">\n<\/div>\n<div style=\"text-align: justify;\">\n<b>1\u00ba dia<\/b><\/div>\n<div style=\"text-align: justify;\">\n<\/div>\n<div style=\"text-align: justify;\">\n8h- Abertura<\/div>\n<div style=\"text-align: justify;\">\n<\/div>\n<div style=\"text-align: justify;\">\n8h30 \u2013 Apresenta\u00e7\u00e3o da A3P<\/div>\n<div style=\"text-align: justify;\">\n<\/div>\n<div style=\"text-align: justify;\">\n8h45 \u2013 Uso racional dos recursos naturais<\/div>\n<div style=\"text-align: justify;\">\n<\/div>\n<div style=\"text-align: justify;\">\n10h15 \u2013 Uso racional dos recursos naturais<\/div>\n<div style=\"text-align: justify;\">\n<\/div>\n<div style=\"text-align: justify;\">\n12h \u2013 Almo\u00e7o<\/div>\n<div style=\"text-align: justify;\">\n<\/div>\n<div style=\"text-align: justify;\">\n13h30- Constru\u00e7\u00f5es sustent\u00e1veis<\/div>\n<div style=\"text-align: justify;\">\n<\/div>\n<div style=\"text-align: justify;\">\n14h30 \u2013 Gest\u00e3o de res\u00edduos<\/div>\n<div style=\"text-align: justify;\">\n<\/div>\n<div style=\"text-align: justify;\">\n15h30- Caf\u00e9<\/div>\n<div style=\"text-align: justify;\">\n<\/div>\n<div style=\"text-align: justify;\">\n16h \u2013 Gest\u00e3o de res\u00edduos<\/div>\n<div style=\"text-align: justify;\">\n<\/div>\n<div style=\"text-align: justify;\">\n17h30 \u2013 Avalia\u00e7\u00e3o\/encerramento<\/div>\n<div style=\"text-align: justify;\">\n<\/div>\n<div style=\"text-align: justify;\">\n<b>2\u00ba dia<\/b><\/div>\n<div style=\"text-align: justify;\">\n<\/div>\n<div style=\"text-align: justify;\">\n8h \u2013 Licita\u00e7\u00f5es sustent\u00e1veis<\/div>\n<div style=\"text-align: justify;\">\n<\/div>\n<div style=\"text-align: justify;\">\n9h15 \u2013 Simboliza\u00e7\u00e3o e capacita\u00e7\u00e3o do servidor<\/div>\n<div style=\"text-align: justify;\">\n<\/div>\n<div style=\"text-align: justify;\">\n10h30 \u2013 Qualidade de vida no ambiente de trabalho<\/div>\n<div style=\"text-align: justify;\">\n<\/div>\n<div style=\"text-align: justify;\">\n12h \u2013 Almo\u00e7o<\/div>\n<div style=\"text-align: justify;\">\n<\/div>\n<div style=\"text-align: justify;\">\n13h30 \u2013 Fortalecimento da gest\u00e3o municipal (FGM) \u2013 gest\u00e3o de projetos<\/div>\n<div style=\"text-align: justify;\">\n<\/div>\n<div style=\"text-align: justify;\">\n14h \u2013 Proposta de constru\u00e7\u00e3o de projetos<\/div>\n<div style=\"text-align: justify;\">\n<\/div>\n<div style=\"text-align: justify;\">\n15h- Caf\u00e9<\/div>\n<div style=\"text-align: justify;\">\n<\/div>\n<div style=\"text-align: justify;\">\n15h30 \u2013 Trabalho em grupo: elabora\u00e7\u00e3o de projetos para FGM<\/div>\n<div style=\"text-align: justify;\">\n<\/div>\n<div style=\"text-align: justify;\">\n16h30 \u2013 Apresenta\u00e7\u00e3o dos trabalhos<\/div>\n<div style=\"text-align: justify;\">\n<\/div>\n<div style=\"text-align: justify;\">\n17h30 \u2013 Avalia\u00e7\u00e3o\/encerramento<\/div>\n<div style=\"text-align: justify;\">\n<\/div>\n<div style=\"text-align: justify;\">\n<\/div>\n","protected":false},"excerpt":{"rendered":"<p>O Minist\u00e9rio do Meio Ambiente e o Programa das Na\u00e7\u00f5es Unidas para o Meio Ambiente (ONU Meio Ambiente) e a&hellip;<\/p>\n","protected":false},"author":1,"featured_media":0,"comment_status":"open","ping_status":"open","sticky":false,"template":"","format":"standard","meta":{"footnotes":""},"categories":[1],"tags":[2,1534,6],"class_list":["post-1535","post","type-post","status-publish","format-standard","hentry","category-sem-categoria","tag-blog-do-edvaldo-magalhaes","tag-curso-de-sustentabilidade-na-administracao-publica-sera-realizado-em-caruaru","tag-noticias"],"_links":{"self":[{"href":"https:\/\/blogdoedvaldomagalhaes.com.br\/index.php\/wp-json\/wp\/v2\/posts\/1535","targetHints":{"allow":["GET"]}}],"collection":[{"href":"https:\/\/blogdoedvaldomagalhaes.com.br\/index.php\/wp-json\/wp\/v2\/posts"}],"about":[{"href":"https:\/\/blogdoedvaldomagalhaes.com.br\/index.php\/wp-json\/wp\/v2\/types\/post"}],"author":[{"embeddable":true,"href":"https:\/\/blogdoedvaldomagalhaes.com.br\/index.php\/wp-json\/wp\/v2\/users\/1"}],"replies":[{"embeddable":true,"href":"https:\/\/blogdoedvaldomagalhaes.com.br\/index.php\/wp-json\/wp\/v2\/comments?post=1535"}],"version-history":[{"count":1,"href":"https:\/\/blogdoedvaldomagalhaes.com.br\/index.php\/wp-json\/wp\/v2\/posts\/1535\/revisions"}],"predecessor-version":[{"id":33468,"href":"https:\/\/blogdoedvaldomagalhaes.com.br\/index.php\/wp-json\/wp\/v2\/posts\/1535\/revisions\/33468"}],"wp:attachment":[{"href":"https:\/\/blogdoedvaldomagalhaes.com.br\/index.php\/wp-json\/wp\/v2\/media?parent=1535"}],"wp:term":[{"taxonomy":"category","embeddable":true,"href":"https:\/\/blogdoedvaldomagalhaes.com.br\/index.php\/wp-json\/wp\/v2\/categories?post=1535"},{"taxonomy":"post_tag","embeddable":true,"href":"https:\/\/blogdoedvaldomagalhaes.com.br\/index.php\/wp-json\/wp\/v2\/tags?post=1535"}],"curies":[{"name":"wp","href":"https:\/\/api.w.org\/{rel}","templated":true}]}}