{"id":1528,"date":"2018-08-18T13:26:00","date_gmt":"2018-08-18T16:26:00","guid":{"rendered":"http:\/\/blogdoedvaldomagalhaes.com.br\/index.php\/2018\/08\/18\/aves-apreendidas-em-caruaru-e-garanhuns\/"},"modified":"2019-02-09T02:28:11","modified_gmt":"2019-02-09T04:28:11","slug":"aves-apreendidas-em-caruaru-e-garanhuns","status":"publish","type":"post","link":"https:\/\/blogdoedvaldomagalhaes.com.br\/index.php\/2018\/08\/18\/aves-apreendidas-em-caruaru-e-garanhuns\/","title":{"rendered":"Aves apreendidas em Caruaru e Garanhuns s\u00e3o entregues \u00e0 CPRH"},"content":{"rendered":"<div class=\"post_text\" itemprop=\"description\" style=\"background-color: white; box-sizing: border-box;\">\n<div class=\"separator\" style=\"clear: both; text-align: center;\">\n<a href=\"https:\/\/2.bp.blogspot.com\/-Avan4l2iUQY\/W3geSs5CAgI\/AAAAAAAA4Yk\/LyxjaxGn2tI5sD0hCy1r_mntcOSvzQg6ACLcBGAs\/s1600\/cprh.jpeg\" imageanchor=\"1\" style=\"margin-left: 1em; margin-right: 1em;\"><img loading=\"lazy\" decoding=\"async\" border=\"0\" data-original-height=\"375\" data-original-width=\"500\" height=\"480\" src=\"http:\/\/blogdoedvaldomagalhaes.com.br\/wp-content\/uploads\/2018\/08\/cprh.jpeg\" width=\"640\" \/><\/a><\/div>\n<div class=\"separator\" style=\"clear: both; text-align: center;\">\nFoto: CPRH\/Divulga\u00e7\u00e3o<\/div>\n<div style=\"box-sizing: border-box; line-height: 24px; margin-bottom: 10px; text-align: justify;\">\n<\/div>\n<div style=\"box-sizing: border-box; line-height: 24px; margin-bottom: 10px; text-align: justify;\">\nO Centro de Triagem de Animais Silvestres de Pernambuco (Cetas Tangara), da Ag\u00eancia Estadual de Meio Ambiente (CPRH), recebeu nesta sexta-feira (17) 89 aves que foram apreendidas pelas pol\u00edcias Militar e Civil, nos munic\u00edpios de Garanhuns e Caruaru, Agreste. S\u00e3o p\u00e1ssaros de diversas esp\u00e9cies.<\/div>\n<div style=\"box-sizing: border-box; line-height: 24px; margin-bottom: 10px; text-align: justify;\">\nTodos foram resgatados de cativeiro, de onde iriam, provavelmente, para pontos de comercializa\u00e7\u00e3o do tr\u00e1fico. Eles ser\u00e3o reabilitados e, em breve, retornar\u00e3o \u00e0 natureza.<\/div>\n<div style=\"box-sizing: border-box; line-height: 24px; margin-bottom: 10px; text-align: justify;\">\nA maior apreens\u00e3o aconteceu em Garanhuns. Foram 77 aves encontradas numa resid\u00eancia do bairro Boa Vista por policiais da Companhia Independente de Policiamento do Meio Ambiente (Cipoma). O respons\u00e1vel ser\u00e1 autuado e receber\u00e1 multa de aproximadamente 50 mil reais. Em Caruaru, foram apreendidas 12 aves.<\/div>\n<\/div>\n","protected":false},"excerpt":{"rendered":"<p>Foto: CPRH\/Divulga\u00e7\u00e3o O Centro de Triagem de Animais Silvestres de Pernambuco (Cetas Tangara), da Ag\u00eancia Estadual de Meio Ambiente (CPRH),&hellip;<\/p>\n","protected":false},"author":1,"featured_media":0,"comment_status":"open","ping_status":"open","sticky":false,"template":"","format":"standard","meta":{"footnotes":""},"categories":[1],"tags":[1526,2,13],"class_list":["post-1528","post","type-post","status-publish","format-standard","hentry","category-sem-categoria","tag-aves-apreendidas-no-agreste-sao-entregues-a-cprh","tag-blog-do-edvaldo-magalhaes","tag-policial"],"_links":{"self":[{"href":"https:\/\/blogdoedvaldomagalhaes.com.br\/index.php\/wp-json\/wp\/v2\/posts\/1528","targetHints":{"allow":["GET"]}}],"collection":[{"href":"https:\/\/blogdoedvaldomagalhaes.com.br\/index.php\/wp-json\/wp\/v2\/posts"}],"about":[{"href":"https:\/\/blogdoedvaldomagalhaes.com.br\/index.php\/wp-json\/wp\/v2\/types\/post"}],"author":[{"embeddable":true,"href":"https:\/\/blogdoedvaldomagalhaes.com.br\/index.php\/wp-json\/wp\/v2\/users\/1"}],"replies":[{"embeddable":true,"href":"https:\/\/blogdoedvaldomagalhaes.com.br\/index.php\/wp-json\/wp\/v2\/comments?post=1528"}],"version-history":[{"count":1,"href":"https:\/\/blogdoedvaldomagalhaes.com.br\/index.php\/wp-json\/wp\/v2\/posts\/1528\/revisions"}],"predecessor-version":[{"id":33486,"href":"https:\/\/blogdoedvaldomagalhaes.com.br\/index.php\/wp-json\/wp\/v2\/posts\/1528\/revisions\/33486"}],"wp:attachment":[{"href":"https:\/\/blogdoedvaldomagalhaes.com.br\/index.php\/wp-json\/wp\/v2\/media?parent=1528"}],"wp:term":[{"taxonomy":"category","embeddable":true,"href":"https:\/\/blogdoedvaldomagalhaes.com.br\/index.php\/wp-json\/wp\/v2\/categories?post=1528"},{"taxonomy":"post_tag","embeddable":true,"href":"https:\/\/blogdoedvaldomagalhaes.com.br\/index.php\/wp-json\/wp\/v2\/tags?post=1528"}],"curies":[{"name":"wp","href":"https:\/\/api.w.org\/{rel}","templated":true}]}}