{"id":1519,"date":"2018-08-19T22:30:00","date_gmt":"2018-08-20T01:30:00","guid":{"rendered":"http:\/\/blogdoedvaldomagalhaes.com.br\/index.php\/2018\/08\/19\/morre-nivaldson-guedes-delegado-no\/"},"modified":"2019-02-09T02:28:27","modified_gmt":"2019-02-09T04:28:27","slug":"morre-nivaldson-guedes-delegado-no","status":"publish","type":"post","link":"https:\/\/blogdoedvaldomagalhaes.com.br\/index.php\/2018\/08\/19\/morre-nivaldson-guedes-delegado-no\/","title":{"rendered":"Morre Nivaldson Guedes &#8211; Delegado no Agreste do Sindicato dos Auxiliares e T\u00e9cnicos em Enfermagem"},"content":{"rendered":"<div class=\"separator\" style=\"clear: both; text-align: center;\">\n<a href=\"https:\/\/1.bp.blogspot.com\/-44Rx4fiQVVo\/W3nu9y-AX4I\/AAAAAAAA4hk\/cUcaHdxak_8p_CX3-oeSf42S7GCZ9V3lQCLcBGAs\/s1600\/ele%2B1.jpg\" imageanchor=\"1\" style=\"margin-left: 1em; margin-right: 1em;\"><img loading=\"lazy\" decoding=\"async\" border=\"0\" data-original-height=\"179\" data-original-width=\"180\" height=\"632\" src=\"http:\/\/blogdoedvaldomagalhaes.com.br\/wp-content\/uploads\/2018\/08\/ele1.jpg\" width=\"640\" \/><\/a><\/div>\n<p><\/p>\n<div style=\"text-align: justify;\">\nMorreu na tarde deste domingo (19), o delegado do Sindicato dos Auxiliares e T\u00e9cnicos em Enfermagem, Nivaldson Guedes, de 39 anos de idade. Segundo informa\u00e7\u00f5es, ele foi internado na \u00faltima sexta-feira (17), no Hospital Mestre Vitalino, em Caruaru, e a causa morte teria sido uma pneumonia.&nbsp;<\/p>\n<p>Nivaldson Guedes trabalhava no Hospital Municipal Casa de Sa\u00fade Bom Jesus, em Caruaru, e no Hospital Municipal Raimundo Francelino Arag\u00e3o, em Santa Cruz do Capibaribe.<\/p>\n<p>O vel\u00f3rio est\u00e1 acontecendo na rua Santana do Ipanema 06, bairro Centen\u00e1rio, em Caruaru, e \u00e0s 9h da manh\u00e3 desta segunda-feira (20), o corpo ser\u00e1 levado para Sert\u00e2nia, onde ser\u00e1 o sepultamento.&nbsp;<\/p><\/div>\n","protected":false},"excerpt":{"rendered":"<p>Morreu na tarde deste domingo (19), o delegado do Sindicato dos Auxiliares e T\u00e9cnicos em Enfermagem, Nivaldson Guedes, de 39&hellip;<\/p>\n","protected":false},"author":1,"featured_media":0,"comment_status":"open","ping_status":"open","sticky":false,"template":"","format":"standard","meta":{"footnotes":""},"categories":[1],"tags":[2,1508,6],"class_list":["post-1519","post","type-post","status-publish","format-standard","hentry","category-sem-categoria","tag-blog-do-edvaldo-magalhaes","tag-morre-nivaldson-guedes-delegado-no-agreste-do-sindicato-dos-auxiliares-e-tecnicos-em-enfermagem","tag-noticias"],"_links":{"self":[{"href":"https:\/\/blogdoedvaldomagalhaes.com.br\/index.php\/wp-json\/wp\/v2\/posts\/1519","targetHints":{"allow":["GET"]}}],"collection":[{"href":"https:\/\/blogdoedvaldomagalhaes.com.br\/index.php\/wp-json\/wp\/v2\/posts"}],"about":[{"href":"https:\/\/blogdoedvaldomagalhaes.com.br\/index.php\/wp-json\/wp\/v2\/types\/post"}],"author":[{"embeddable":true,"href":"https:\/\/blogdoedvaldomagalhaes.com.br\/index.php\/wp-json\/wp\/v2\/users\/1"}],"replies":[{"embeddable":true,"href":"https:\/\/blogdoedvaldomagalhaes.com.br\/index.php\/wp-json\/wp\/v2\/comments?post=1519"}],"version-history":[{"count":1,"href":"https:\/\/blogdoedvaldomagalhaes.com.br\/index.php\/wp-json\/wp\/v2\/posts\/1519\/revisions"}],"predecessor-version":[{"id":33520,"href":"https:\/\/blogdoedvaldomagalhaes.com.br\/index.php\/wp-json\/wp\/v2\/posts\/1519\/revisions\/33520"}],"wp:attachment":[{"href":"https:\/\/blogdoedvaldomagalhaes.com.br\/index.php\/wp-json\/wp\/v2\/media?parent=1519"}],"wp:term":[{"taxonomy":"category","embeddable":true,"href":"https:\/\/blogdoedvaldomagalhaes.com.br\/index.php\/wp-json\/wp\/v2\/categories?post=1519"},{"taxonomy":"post_tag","embeddable":true,"href":"https:\/\/blogdoedvaldomagalhaes.com.br\/index.php\/wp-json\/wp\/v2\/tags?post=1519"}],"curies":[{"name":"wp","href":"https:\/\/api.w.org\/{rel}","templated":true}]}}