{"id":1518,"date":"2018-08-20T10:30:00","date_gmt":"2018-08-20T13:30:00","guid":{"rendered":"http:\/\/blogdoedvaldomagalhaes.com.br\/index.php\/2018\/08\/20\/homicidios-registrados-no-fim-de-semana\/"},"modified":"2019-02-09T02:28:27","modified_gmt":"2019-02-09T04:28:27","slug":"homicidios-registrados-no-fim-de-semana","status":"publish","type":"post","link":"https:\/\/blogdoedvaldomagalhaes.com.br\/index.php\/2018\/08\/20\/homicidios-registrados-no-fim-de-semana\/","title":{"rendered":"Homic\u00eddios registrados no fim de semana em Pernambuco"},"content":{"rendered":"<div class=\"separator\" style=\"clear: both; text-align: center;\">\n<a href=\"https:\/\/4.bp.blogspot.com\/-gwHW1eBQAzo\/W3qYFpl_M6I\/AAAAAAAA4iE\/pMk7x6mI_7AxZYZ_YjDrAYWdrM6QrVejwCLcBGAs\/s1600\/homi.jpg\" imageanchor=\"1\" style=\"margin-left: 1em; margin-right: 1em;\"><img loading=\"lazy\" decoding=\"async\" border=\"0\" data-original-height=\"371\" data-original-width=\"500\" height=\"470\" src=\"http:\/\/blogdoedvaldomagalhaes.com.br\/wp-content\/uploads\/2018\/08\/homi.jpg\" width=\"640\" \/><\/a><\/div>\n<div style=\"text-align: justify;\">\n<\/div>\n<div style=\"text-align: justify;\">\nO fim de semana foi marcado pela viol\u00eancia no Agreste de Pernambuco, com homic\u00eddios em v\u00e1rios munic\u00edpios.<\/div>\n<div style=\"text-align: justify;\">\n<\/div>\n<div style=\"text-align: justify;\">\nEm Caruaru, um jovem de 23 anos foi assassinado no bairro Indian\u00f3polis. Jonas Wesley Ferreira de Souza foi morto a tiros. A autoria do crime \u00e9 desconhecida.<\/div>\n<div style=\"text-align: justify;\">\n<\/div>\n<div style=\"text-align: justify;\">\nEm Altinho, o dono de um bar foi assassinado a tiros dentro do estabelecimento, na Vila Nova. Silvino F\u00e9lix da Silva, 54 anos, era conhecido como \u201cNen\u00e9m do Bar\u201d<\/div>\n<div style=\"text-align: justify;\">\n<\/div>\n<div style=\"text-align: justify;\">\nEm Cachoeirinha, a v\u00edtima da viol\u00eancia foi o agricultor Jos\u00e9 Reginaldo de Farias Ara\u00fajo, 44 anos. Ele foi morto a facadas dentro de casa, no S\u00edtio Salgadinho. A pol\u00edcia prendeu Leandro Jos\u00e9 Queiroz da Silva, 29 anos, suspeito do crime.<\/div>\n<div style=\"text-align: justify;\">\n<\/div>\n<div style=\"text-align: justify;\">\nEm Taquaritinga do Nordeste, foi assassinado a tiros Thierry Ruan, 19 anos. Ele chegou a ser levado para o hospital da cidade, mas n\u00e3o resistiu.<\/div>\n<div style=\"text-align: justify;\">\n<\/div>\n<div style=\"text-align: justify;\">\nEm S\u00e3o Caetano, um agricultor foi morto com tiros na cabe\u00e7a. O crime aconteceu na Viola de Tapiraim, zona rural do munic\u00edpio.<\/div>\n<div style=\"text-align: justify;\">\n<\/div>\n<div style=\"text-align: justify;\">\nAo todo, foram registrados 23 homic\u00eddios no fim de semana em Pernambuco, 10 no Grande Recife e 13 no interior. No ano s\u00e3o 2.618 assassinatos no Estados, 1.033 na Regi\u00e3o Metropolitana e 1.585 no interior.<\/div>\n<div style=\"text-align: justify;\">\n<\/div>\n<div style=\"text-align: justify;\">\nForam registrados no fim de semana 17 assaltos a \u00f4nibus no Grande Recife. No m\u00eas de agosto s\u00e3o 129 ocorr\u00eancias e no ano 1.646 assaltos.<\/div>\n<div style=\"text-align: justify;\">\n<\/div>\n<div style=\"text-align: justify;\">\nFonte: R\u00e1dio Liberdade.<\/div>\n<div style=\"text-align: justify;\">\n<\/div>\n","protected":false},"excerpt":{"rendered":"<p>O fim de semana foi marcado pela viol\u00eancia no Agreste de Pernambuco, com homic\u00eddios em v\u00e1rios munic\u00edpios. Em Caruaru, um&hellip;<\/p>\n","protected":false},"author":1,"featured_media":0,"comment_status":"open","ping_status":"open","sticky":false,"template":"","format":"standard","meta":{"footnotes":""},"categories":[1],"tags":[2,1507,13],"class_list":["post-1518","post","type-post","status-publish","format-standard","hentry","category-sem-categoria","tag-blog-do-edvaldo-magalhaes","tag-homicidios-registrados-no-fim-de-semana-em-pernambuco","tag-policial"],"_links":{"self":[{"href":"https:\/\/blogdoedvaldomagalhaes.com.br\/index.php\/wp-json\/wp\/v2\/posts\/1518","targetHints":{"allow":["GET"]}}],"collection":[{"href":"https:\/\/blogdoedvaldomagalhaes.com.br\/index.php\/wp-json\/wp\/v2\/posts"}],"about":[{"href":"https:\/\/blogdoedvaldomagalhaes.com.br\/index.php\/wp-json\/wp\/v2\/types\/post"}],"author":[{"embeddable":true,"href":"https:\/\/blogdoedvaldomagalhaes.com.br\/index.php\/wp-json\/wp\/v2\/users\/1"}],"replies":[{"embeddable":true,"href":"https:\/\/blogdoedvaldomagalhaes.com.br\/index.php\/wp-json\/wp\/v2\/comments?post=1518"}],"version-history":[{"count":1,"href":"https:\/\/blogdoedvaldomagalhaes.com.br\/index.php\/wp-json\/wp\/v2\/posts\/1518\/revisions"}],"predecessor-version":[{"id":33522,"href":"https:\/\/blogdoedvaldomagalhaes.com.br\/index.php\/wp-json\/wp\/v2\/posts\/1518\/revisions\/33522"}],"wp:attachment":[{"href":"https:\/\/blogdoedvaldomagalhaes.com.br\/index.php\/wp-json\/wp\/v2\/media?parent=1518"}],"wp:term":[{"taxonomy":"category","embeddable":true,"href":"https:\/\/blogdoedvaldomagalhaes.com.br\/index.php\/wp-json\/wp\/v2\/categories?post=1518"},{"taxonomy":"post_tag","embeddable":true,"href":"https:\/\/blogdoedvaldomagalhaes.com.br\/index.php\/wp-json\/wp\/v2\/tags?post=1518"}],"curies":[{"name":"wp","href":"https:\/\/api.w.org\/{rel}","templated":true}]}}