{"id":1508,"date":"2018-08-20T22:32:00","date_gmt":"2018-08-21T01:32:00","guid":{"rendered":"http:\/\/blogdoedvaldomagalhaes.com.br\/index.php\/2018\/08\/20\/suspeitos-de-praticar-assalto-e-baleado\/"},"modified":"2019-02-09T02:28:33","modified_gmt":"2019-02-09T04:28:33","slug":"suspeitos-de-praticar-assalto-e-baleado","status":"publish","type":"post","link":"https:\/\/blogdoedvaldomagalhaes.com.br\/index.php\/2018\/08\/20\/suspeitos-de-praticar-assalto-e-baleado\/","title":{"rendered":"Suspeitos de praticar assalto s\u00e3o baleados durante troca de tiros com PM em Caruaru"},"content":{"rendered":"<div class=\"separator\" style=\"clear: both; text-align: center;\">\n<a href=\"https:\/\/1.bp.blogspot.com\/-d6AsdjEJ1mk\/W3tBCOKTIhI\/AAAAAAAA4k4\/lFEjbGSlMVAwpSVy8DLx7vH9AWNWttXkACLcBGAs\/s1600\/rocam.jpg\" imageanchor=\"1\" style=\"margin-left: 1em; margin-right: 1em;\"><img loading=\"lazy\" decoding=\"async\" border=\"0\" data-original-height=\"639\" data-original-width=\"960\" height=\"424\" src=\"http:\/\/blogdoedvaldomagalhaes.com.br\/wp-content\/uploads\/2018\/08\/rocam.jpg\" width=\"640\" \/><\/a><\/div>\n<div class=\"separator\" style=\"clear: both; text-align: center;\">\nFoto: PMPE\/Divulga\u00e7\u00e3o<\/div>\n<div class=\"separator\" style=\"clear: both; text-align: center;\">\n<\/div>\n<div style=\"text-align: justify;\">\nUm rapaz de 21 anos foi preso e um adolescente, de 17, apreendido, no in\u00edcio da tarde desta segunda-feira (20), em Caruaru. Eles s\u00e3o acusados de assaltos e tentativa de homic\u00eddio na Capital do Agreste e ainda tentaram escapar dos policiais militares do 1\u00ba BIEsp que realizaram a abordagem.<\/p>\n<p>O efetivo estava em rondas no Distrito Industrial quando observou a dupla em atitude suspeita em um ve\u00edculo. Ao mesmo tempo, foi acionado pelo r\u00e1dio da viatura pela Central, informando que suspeitos estavam em um carro da mesma cor e modelo praticando assaltos na \u00e1rea. Foi dada ordem de parada aos acusados, que reagiram atirando conta os policiais.<\/p>\n<p>Houve o revide e os jovens acabaram jogando a arma para fora do carro e se entregando, momento em que foi observado que o maior estava ferido. De imediato, ele foi levado para o Hospital Regional do Agreste onde recebeu atendimento m\u00e9dico e est\u00e1 sendo custodiado. O menor foi levado \u00e0 Delegacia de Pol\u00edcia Civil, onde v\u00edtimas o reconheceram como autor de assaltos, assim como ao seu comparsa, sendo que por meio de fotografia.<\/p>\n<p>Foi relatado pelas testemunhas a viol\u00eancia com a qual a dupla tratava suas v\u00edtimas. Durante recente assalto de uma motocicleta, no Jardim Panorama, eles teriam atirado no propriet\u00e1rio, mesmo com ele tendo entregue o ve\u00edculo sem esbo\u00e7ar rea\u00e7\u00e3o.<\/p>\n<p>\nDurante a opera\u00e7\u00e3o de ontem, foram apreendidos com os suspeitos e entregues na delegacia, alguns produtos de roubos: um rev\u00f3lver calibre 38, cinco celulares, um tablete e um Cosa Classic, al\u00e9m de R$ 131,00 em esp\u00e9cie.<\/p>\n<p><\/div>\n","protected":false},"excerpt":{"rendered":"<p>Foto: PMPE\/Divulga\u00e7\u00e3o Um rapaz de 21 anos foi preso e um adolescente, de 17, apreendido, no in\u00edcio da tarde desta&hellip;<\/p>\n","protected":false},"author":1,"featured_media":0,"comment_status":"open","ping_status":"open","sticky":false,"template":"","format":"standard","meta":{"footnotes":""},"categories":[1],"tags":[2,13,1496],"class_list":["post-1508","post","type-post","status-publish","format-standard","hentry","category-sem-categoria","tag-blog-do-edvaldo-magalhaes","tag-policial","tag-suspeitos-de-praticar-assalto-sao-baleados-durante-troca-de-tiros-com-pm-em-caruaru"],"_links":{"self":[{"href":"https:\/\/blogdoedvaldomagalhaes.com.br\/index.php\/wp-json\/wp\/v2\/posts\/1508","targetHints":{"allow":["GET"]}}],"collection":[{"href":"https:\/\/blogdoedvaldomagalhaes.com.br\/index.php\/wp-json\/wp\/v2\/posts"}],"about":[{"href":"https:\/\/blogdoedvaldomagalhaes.com.br\/index.php\/wp-json\/wp\/v2\/types\/post"}],"author":[{"embeddable":true,"href":"https:\/\/blogdoedvaldomagalhaes.com.br\/index.php\/wp-json\/wp\/v2\/users\/1"}],"replies":[{"embeddable":true,"href":"https:\/\/blogdoedvaldomagalhaes.com.br\/index.php\/wp-json\/wp\/v2\/comments?post=1508"}],"version-history":[{"count":1,"href":"https:\/\/blogdoedvaldomagalhaes.com.br\/index.php\/wp-json\/wp\/v2\/posts\/1508\/revisions"}],"predecessor-version":[{"id":33547,"href":"https:\/\/blogdoedvaldomagalhaes.com.br\/index.php\/wp-json\/wp\/v2\/posts\/1508\/revisions\/33547"}],"wp:attachment":[{"href":"https:\/\/blogdoedvaldomagalhaes.com.br\/index.php\/wp-json\/wp\/v2\/media?parent=1508"}],"wp:term":[{"taxonomy":"category","embeddable":true,"href":"https:\/\/blogdoedvaldomagalhaes.com.br\/index.php\/wp-json\/wp\/v2\/categories?post=1508"},{"taxonomy":"post_tag","embeddable":true,"href":"https:\/\/blogdoedvaldomagalhaes.com.br\/index.php\/wp-json\/wp\/v2\/tags?post=1508"}],"curies":[{"name":"wp","href":"https:\/\/api.w.org\/{rel}","templated":true}]}}