{"id":1507,"date":"2018-08-20T23:42:00","date_gmt":"2018-08-21T02:42:00","guid":{"rendered":"http:\/\/blogdoedvaldomagalhaes.com.br\/index.php\/2018\/08\/20\/carro-carbonizado-com-animal-dentro-e\/"},"modified":"2019-02-09T02:28:35","modified_gmt":"2019-02-09T04:28:35","slug":"carro-carbonizado-com-animal-dentro-e","status":"publish","type":"post","link":"https:\/\/blogdoedvaldomagalhaes.com.br\/index.php\/2018\/08\/20\/carro-carbonizado-com-animal-dentro-e\/","title":{"rendered":"Carro carbonizado com animal dentro em Caruaru"},"content":{"rendered":"<div class=\"separator\" style=\"clear: both; text-align: center;\">\n<a href=\"https:\/\/1.bp.blogspot.com\/-_hIu7mNLNhE\/W3tPpMJJR3I\/AAAAAAAA4lY\/4geqr31g0EocThAT2m0NLDij7nFFHQuvgCLcBGAs\/s1600\/IMG-20180820-WA0281.jpg\" imageanchor=\"1\" style=\"margin-left: 1em; margin-right: 1em;\"><img loading=\"lazy\" decoding=\"async\" border=\"0\" data-original-height=\"947\" data-original-width=\"1280\" height=\"470\" src=\"http:\/\/blogdoedvaldomagalhaes.com.br\/wp-content\/uploads\/2018\/08\/IMG-20180820-WA0281.jpg\" width=\"640\" \/><\/a><\/div>\n<div class=\"separator\" style=\"clear: both; text-align: center;\">\nFoto: Reginaldo Souza\/Sem Meias PalavrasCortesia<\/div>\n<p><\/p>\n<div style=\"text-align: justify;\">\nUm ve\u00edculo Prima de cor preta foi encontrado carbonizado em uma estrada por tr\u00e1s do Condom\u00ednio Campos do Conde, na tarde desta segunda-feira (20).&nbsp;<\/p>\n<div class=\"separator\" style=\"clear: both; text-align: center;\">\n<a href=\"https:\/\/1.bp.blogspot.com\/-L_ii2MubRzI\/W3tbVqByf5I\/AAAAAAAA4lo\/gKqQ6vusdgYVFFduRb1ZOomDfhK3KwkXACLcBGAs\/s1600\/IMG-20180820-WA0317.jpg\" imageanchor=\"1\" style=\"margin-left: 1em; margin-right: 1em;\"><img loading=\"lazy\" decoding=\"async\" border=\"0\" data-original-height=\"720\" data-original-width=\"1280\" height=\"360\" src=\"http:\/\/blogdoedvaldomagalhaes.com.br\/wp-content\/uploads\/2018\/08\/IMG-20180820-WA0317.jpg\" width=\"640\" \/><\/a><\/div>\n<div class=\"separator\" style=\"clear: both; text-align: center;\">\nFotos: Josias Souza\/Sem Meias Palavras&nbsp;<\/div>\n<p>\nEquipes do Instituto de Criminal\u00edstica (IC) e Instituo de Medicina Legal (IML) estiveram no local, foi feita a per\u00edcia, e encontrou uma ossada carbonizada de um cachorro dentro do ve\u00edculo.&nbsp;Segundo a Pol\u00edcia Civil o referido ve\u00edculo era usado para pr\u00e1tica de crimes, como assaltos, por exemplo.&nbsp;<\/p>\n<div class=\"separator\" style=\"clear: both; text-align: center;\">\n<a href=\"https:\/\/2.bp.blogspot.com\/-m1rNhyxVHUU\/W3tbnfzwZoI\/AAAAAAAA4lw\/afUvgtu3k9gWfvM9U44meo052j9lVIZZgCLcBGAs\/s1600\/IMG-20180820-WA0316.jpg\" imageanchor=\"1\" style=\"margin-left: 1em; margin-right: 1em;\"><img loading=\"lazy\" decoding=\"async\" border=\"0\" data-original-height=\"720\" data-original-width=\"1280\" height=\"360\" src=\"http:\/\/blogdoedvaldomagalhaes.com.br\/wp-content\/uploads\/2018\/08\/IMG-20180820-WA0316.jpg\" width=\"640\" \/><\/a><\/div>\n<p><\/div>\n","protected":false},"excerpt":{"rendered":"<p>Foto: Reginaldo Souza\/Sem Meias PalavrasCortesia Um ve\u00edculo Prima de cor preta foi encontrado carbonizado em uma estrada por tr\u00e1s do&hellip;<\/p>\n","protected":false},"author":1,"featured_media":0,"comment_status":"open","ping_status":"open","sticky":false,"template":"","format":"standard","meta":{"footnotes":""},"categories":[1],"tags":[2,1494,1495,13],"class_list":["post-1507","post","type-post","status-publish","format-standard","hentry","category-sem-categoria","tag-blog-do-edvaldo-magalhaes","tag-campos-do-conde","tag-carro-carbonizado-com-animal-dentro-em-caruaru","tag-policial"],"_links":{"self":[{"href":"https:\/\/blogdoedvaldomagalhaes.com.br\/index.php\/wp-json\/wp\/v2\/posts\/1507","targetHints":{"allow":["GET"]}}],"collection":[{"href":"https:\/\/blogdoedvaldomagalhaes.com.br\/index.php\/wp-json\/wp\/v2\/posts"}],"about":[{"href":"https:\/\/blogdoedvaldomagalhaes.com.br\/index.php\/wp-json\/wp\/v2\/types\/post"}],"author":[{"embeddable":true,"href":"https:\/\/blogdoedvaldomagalhaes.com.br\/index.php\/wp-json\/wp\/v2\/users\/1"}],"replies":[{"embeddable":true,"href":"https:\/\/blogdoedvaldomagalhaes.com.br\/index.php\/wp-json\/wp\/v2\/comments?post=1507"}],"version-history":[{"count":1,"href":"https:\/\/blogdoedvaldomagalhaes.com.br\/index.php\/wp-json\/wp\/v2\/posts\/1507\/revisions"}],"predecessor-version":[{"id":33551,"href":"https:\/\/blogdoedvaldomagalhaes.com.br\/index.php\/wp-json\/wp\/v2\/posts\/1507\/revisions\/33551"}],"wp:attachment":[{"href":"https:\/\/blogdoedvaldomagalhaes.com.br\/index.php\/wp-json\/wp\/v2\/media?parent=1507"}],"wp:term":[{"taxonomy":"category","embeddable":true,"href":"https:\/\/blogdoedvaldomagalhaes.com.br\/index.php\/wp-json\/wp\/v2\/categories?post=1507"},{"taxonomy":"post_tag","embeddable":true,"href":"https:\/\/blogdoedvaldomagalhaes.com.br\/index.php\/wp-json\/wp\/v2\/tags?post=1507"}],"curies":[{"name":"wp","href":"https:\/\/api.w.org\/{rel}","templated":true}]}}