{"id":1506,"date":"2018-08-21T01:44:00","date_gmt":"2018-08-21T04:44:00","guid":{"rendered":"http:\/\/blogdoedvaldomagalhaes.com.br\/index.php\/2018\/08\/21\/acusada-de-trafico-e-presa-em-caruaru\/"},"modified":"2019-02-09T02:28:38","modified_gmt":"2019-02-09T04:28:38","slug":"acusada-de-trafico-e-presa-em-caruaru","status":"publish","type":"post","link":"https:\/\/blogdoedvaldomagalhaes.com.br\/index.php\/2018\/08\/21\/acusada-de-trafico-e-presa-em-caruaru\/","title":{"rendered":"Acusada de tr\u00e1fico \u00e9 presa em Caruaru"},"content":{"rendered":"<div class=\"separator\" style=\"clear: both; text-align: center;\">\n<a href=\"https:\/\/2.bp.blogspot.com\/-iA9lHIZUf6M\/W3ttZNDbWgI\/AAAAAAAA4l8\/zGLIuuUbVDIUoevQgLhAYRFYSMfYrzx9ACLcBGAs\/s1600\/IMG-20180820-WA0338.jpg\" imageanchor=\"1\" style=\"margin-left: 1em; margin-right: 1em;\"><img loading=\"lazy\" decoding=\"async\" border=\"0\" data-original-height=\"1280\" data-original-width=\"960\" height=\"640\" src=\"http:\/\/blogdoedvaldomagalhaes.com.br\/wp-content\/uploads\/2018\/08\/IMG-20180820-WA0338.jpg\" width=\"480\" \/><\/a><\/div>\n<div class=\"separator\" style=\"clear: both; text-align: center;\">\nFoto: PMPE\/Divulga\u00e7\u00e3o&nbsp;<\/div>\n<div class=\"separator\" style=\"clear: both; text-align: center;\">\n<\/div>\n<div class=\"separator\" style=\"clear: both; text-align: center;\">\n<\/div>\n<div class=\"separator\" style=\"clear: both; text-align: justify;\">\nUma jovem de 19 anos foi presa por uma equipe do Canil do 1\u00ba BIEsp, nesta segunda-feira (20) \u00e0 tarde, acusada de tr\u00e1fico de drogas, no primeiro andar de uma casa na Travessa Bem Amada Quit\u00e9ria, em Caruaru. O efetivo foi acionado pelo N\u00facleo de Intelig\u00eancia, com base em informa\u00e7\u00f5es sobre o com\u00e9rcio ilegal no endere\u00e7o.<\/div>\n<div class=\"separator\" style=\"clear: both; text-align: justify;\">\n<\/div>\n<div class=\"separator\" style=\"clear: both; text-align: justify;\">\nPara localizar as drogas, escondidas na resid\u00eancia da acusada, o efetivo contou com o apoio do c\u00e3o Alamo, que farejou 30 pedras de crack e mais tr\u00eas pedras maiores da mesma subst\u00e2ncia e um cigarro de maconha. Os policiais tamb\u00e9m apreenderam com a suspeita R$ 358,00, provavelmente provenientes do tr\u00e1fico.<\/div>\n<div class=\"separator\" style=\"clear: both; text-align: justify;\">\n<\/div>\n<div class=\"separator\" style=\"clear: both; text-align: justify;\">\nDiante dos fatos, a mulher foi encaminhada para a Delegacia de Pol\u00edcia Civil, juntamente com todo o material, para que fossem tomadas as medidas cab\u00edveis.<\/div>\n<div style=\"text-align: justify;\">\n<\/div>\n","protected":false},"excerpt":{"rendered":"<p>Foto: PMPE\/Divulga\u00e7\u00e3o&nbsp; Uma jovem de 19 anos foi presa por uma equipe do Canil do 1\u00ba BIEsp, nesta segunda-feira (20)&hellip;<\/p>\n","protected":false},"author":1,"featured_media":0,"comment_status":"open","ping_status":"open","sticky":false,"template":"","format":"standard","meta":{"footnotes":""},"categories":[1],"tags":[2,13],"class_list":["post-1506","post","type-post","status-publish","format-standard","hentry","category-sem-categoria","tag-blog-do-edvaldo-magalhaes","tag-policial"],"_links":{"self":[{"href":"https:\/\/blogdoedvaldomagalhaes.com.br\/index.php\/wp-json\/wp\/v2\/posts\/1506","targetHints":{"allow":["GET"]}}],"collection":[{"href":"https:\/\/blogdoedvaldomagalhaes.com.br\/index.php\/wp-json\/wp\/v2\/posts"}],"about":[{"href":"https:\/\/blogdoedvaldomagalhaes.com.br\/index.php\/wp-json\/wp\/v2\/types\/post"}],"author":[{"embeddable":true,"href":"https:\/\/blogdoedvaldomagalhaes.com.br\/index.php\/wp-json\/wp\/v2\/users\/1"}],"replies":[{"embeddable":true,"href":"https:\/\/blogdoedvaldomagalhaes.com.br\/index.php\/wp-json\/wp\/v2\/comments?post=1506"}],"version-history":[{"count":1,"href":"https:\/\/blogdoedvaldomagalhaes.com.br\/index.php\/wp-json\/wp\/v2\/posts\/1506\/revisions"}],"predecessor-version":[{"id":33553,"href":"https:\/\/blogdoedvaldomagalhaes.com.br\/index.php\/wp-json\/wp\/v2\/posts\/1506\/revisions\/33553"}],"wp:attachment":[{"href":"https:\/\/blogdoedvaldomagalhaes.com.br\/index.php\/wp-json\/wp\/v2\/media?parent=1506"}],"wp:term":[{"taxonomy":"category","embeddable":true,"href":"https:\/\/blogdoedvaldomagalhaes.com.br\/index.php\/wp-json\/wp\/v2\/categories?post=1506"},{"taxonomy":"post_tag","embeddable":true,"href":"https:\/\/blogdoedvaldomagalhaes.com.br\/index.php\/wp-json\/wp\/v2\/tags?post=1506"}],"curies":[{"name":"wp","href":"https:\/\/api.w.org\/{rel}","templated":true}]}}