{"id":1425,"date":"2018-08-31T21:34:00","date_gmt":"2018-09-01T00:34:00","guid":{"rendered":"http:\/\/blogdoedvaldomagalhaes.com.br\/index.php\/2018\/08\/31\/vacinacao-contra-sarampo-e-polio-e\/"},"modified":"2019-02-09T02:29:37","modified_gmt":"2019-02-09T04:29:37","slug":"vacinacao-contra-sarampo-e-polio-e","status":"publish","type":"post","link":"https:\/\/blogdoedvaldomagalhaes.com.br\/index.php\/2018\/08\/31\/vacinacao-contra-sarampo-e-polio-e\/","title":{"rendered":"Vacina\u00e7\u00e3o contra Sarampo e P\u00f3lio em Caruaru termina neste s\u00e1bado (1\u00ba)"},"content":{"rendered":"<div class=\"separator\" style=\"clear: both; text-align: center;\">\n<a href=\"https:\/\/1.bp.blogspot.com\/-REkbdcHhKP0\/W4mz8d26C9I\/AAAAAAAA5K4\/gWJKcuABiskqR1tEO5LEinbPvTF_GoaDgCLcBGAs\/s1600\/dose.jpg\" imageanchor=\"1\" style=\"margin-left: 1em; margin-right: 1em;\"><img loading=\"lazy\" decoding=\"async\" border=\"0\" data-original-height=\"503\" data-original-width=\"754\" height=\"426\" src=\"http:\/\/blogdoedvaldomagalhaes.com.br\/wp-content\/uploads\/2018\/08\/dose.jpg\" width=\"640\" \/><\/a><\/div>\n<div class=\"separator\" style=\"clear: both; text-align: center;\">\nFoto: Marcelo Camargo\/Ag\u00eancia Brasil<\/div>\n<div style=\"text-align: justify;\">\n<\/div>\n<div style=\"text-align: justify;\">\nA Campanha Nacional de Vacina\u00e7\u00e3o contra a Poliomielite e o Sarampo termina nesta sexta-feira (31) em todo o Pa\u00eds. Todas as crian\u00e7as com idade entre 1 ano e menores de 5 anos devem receber a dose, independentemente de sua situa\u00e7\u00e3o vacinal. Em Caruaru, a campanha segue at\u00e9 este s\u00e1bado (1\u00ba).<\/div>\n<div style=\"text-align: justify;\">\n<\/div>\n<div style=\"text-align: justify;\">\nDados do Minist\u00e9rio da Sa\u00fade mostram que mais de 3 milh\u00f5es de crian\u00e7as ainda precisam ser imunizadas. Munic\u00edpios que ainda n\u00e3o atingiram cobertura vacinal de 95% foram orientados a abrir os postos de sa\u00fade neste s\u00e1bado (01).<\/div>\n<div style=\"text-align: justify;\">\n<\/div>\n<div style=\"text-align: justify;\">\nEste ano, a vacina\u00e7\u00e3o \u00e9 feita de forma indiscriminada, o que significa que mesmo as crian\u00e7as que j\u00e1 est\u00e3o com esquema vacinal completo devem ser levadas aos postos de sa\u00fade para receber mais um refor\u00e7o.<\/div>\n<div style=\"text-align: justify;\">\n<\/div>\n<div style=\"text-align: justify;\">\nNo caso da p\u00f3lio, as crian\u00e7as que n\u00e3o tomaram nenhuma dose ao longo da vida v\u00e3o receber a vacina injet\u00e1vel e as que j\u00e1 tomaram uma ou mais doses devem receber a oral.<\/div>\n<div style=\"text-align: justify;\">\n<\/div>\n<div style=\"text-align: justify;\">\nPara o sarampo, todas as crian\u00e7as com idade entre um ano e menores de 5 v\u00e3o receber uma dose da tr\u00edplice viral, desde que n\u00e3o tenham sido vacinadas nos \u00faltimos 30 dias.<\/div>\n","protected":false},"excerpt":{"rendered":"<p>Foto: Marcelo Camargo\/Ag\u00eancia Brasil A Campanha Nacional de Vacina\u00e7\u00e3o contra a Poliomielite e o Sarampo termina nesta sexta-feira (31) em&hellip;<\/p>\n","protected":false},"author":1,"featured_media":0,"comment_status":"open","ping_status":"open","sticky":false,"template":"","format":"standard","meta":{"footnotes":""},"categories":[1],"tags":[2,6,1407],"class_list":["post-1425","post","type-post","status-publish","format-standard","hentry","category-sem-categoria","tag-blog-do-edvaldo-magalhaes","tag-noticias","tag-vacinacao-contra-sarampo-e-polio-em-caruaru-termina-neste-sabado-1o"],"_links":{"self":[{"href":"https:\/\/blogdoedvaldomagalhaes.com.br\/index.php\/wp-json\/wp\/v2\/posts\/1425","targetHints":{"allow":["GET"]}}],"collection":[{"href":"https:\/\/blogdoedvaldomagalhaes.com.br\/index.php\/wp-json\/wp\/v2\/posts"}],"about":[{"href":"https:\/\/blogdoedvaldomagalhaes.com.br\/index.php\/wp-json\/wp\/v2\/types\/post"}],"author":[{"embeddable":true,"href":"https:\/\/blogdoedvaldomagalhaes.com.br\/index.php\/wp-json\/wp\/v2\/users\/1"}],"replies":[{"embeddable":true,"href":"https:\/\/blogdoedvaldomagalhaes.com.br\/index.php\/wp-json\/wp\/v2\/comments?post=1425"}],"version-history":[{"count":1,"href":"https:\/\/blogdoedvaldomagalhaes.com.br\/index.php\/wp-json\/wp\/v2\/posts\/1425\/revisions"}],"predecessor-version":[{"id":33768,"href":"https:\/\/blogdoedvaldomagalhaes.com.br\/index.php\/wp-json\/wp\/v2\/posts\/1425\/revisions\/33768"}],"wp:attachment":[{"href":"https:\/\/blogdoedvaldomagalhaes.com.br\/index.php\/wp-json\/wp\/v2\/media?parent=1425"}],"wp:term":[{"taxonomy":"category","embeddable":true,"href":"https:\/\/blogdoedvaldomagalhaes.com.br\/index.php\/wp-json\/wp\/v2\/categories?post=1425"},{"taxonomy":"post_tag","embeddable":true,"href":"https:\/\/blogdoedvaldomagalhaes.com.br\/index.php\/wp-json\/wp\/v2\/tags?post=1425"}],"curies":[{"name":"wp","href":"https:\/\/api.w.org\/{rel}","templated":true}]}}