{"id":1422,"date":"2018-08-31T21:56:00","date_gmt":"2018-09-01T00:56:00","guid":{"rendered":"http:\/\/blogdoedvaldomagalhaes.com.br\/index.php\/2018\/08\/31\/comite-municipal-de-desenvolvimento\/"},"modified":"2019-02-09T02:29:38","modified_gmt":"2019-02-09T04:29:38","slug":"comite-municipal-de-desenvolvimento","status":"publish","type":"post","link":"https:\/\/blogdoedvaldomagalhaes.com.br\/index.php\/2018\/08\/31\/comite-municipal-de-desenvolvimento\/","title":{"rendered":"Comit\u00ea Municipal de Desenvolvimento Econ\u00f4mico e Social \u00e9 implantado em Caruaru"},"content":{"rendered":"<div class=\"separator\" style=\"clear: both; text-align: center;\">\n<a href=\"https:\/\/3.bp.blogspot.com\/-nS247vv22RM\/W4m5acJTjfI\/AAAAAAAA5Lc\/7O0LjxYsqpA_ajekRZdaYDSPMRnPPyP0wCLcBGAs\/s1600\/sa%25C3%25BAde.jpg\" imageanchor=\"1\" style=\"margin-left: 1em; margin-right: 1em;\"><img loading=\"lazy\" decoding=\"async\" border=\"0\" data-original-height=\"851\" data-original-width=\"1280\" height=\"424\" src=\"http:\/\/blogdoedvaldomagalhaes.com.br\/wp-content\/uploads\/2018\/08\/saC3BAde.jpg\" width=\"640\" \/><\/a><\/div>\n<p><\/p>\n<div style=\"text-align: justify;\">\nA Prefeitura de Caruaru implantou, na manh\u00e3 desta sexta-feira (31), o Comit\u00ea Municipal de Desenvolvimento Econ\u00f4mico e Social (Comdes), que se caracteriza por ser uma inst\u00e2ncia colegiada de car\u00e1ter consultiva, com representantes do poder p\u00fablico e da sociedade civil, com o objetivo de ampliar e fortalecer a coes\u00e3o social em prol do desenvolvimento sustent\u00e1vel, da prosperidade econ\u00f4mica, do equil\u00edbrio ambiental e da justi\u00e7a social para a cidade.<\/div>\n<div style=\"text-align: justify;\">\n<\/div>\n<div style=\"text-align: justify;\">\nEstavam presentes na primeira reuni\u00e3o do Comit\u00ea, membros da Universidade de Pernambuco \u2013 UPE, Universidade Federal de Pernambuco \u2013 UFPE Campus Caruaru, Instituto Federal de Educa\u00e7\u00e3o Ci\u00eancia e Tecnologia de Pernambuco \u2013 IFPE Campus Caruaru, Servi\u00e7o Brasileiro de Apoio as Micro e Pequenas Empresas \u2013 SEBRAE, Servi\u00e7o Nacional de Aprendizagem Industrial \u2013 SENAI, Associa\u00e7\u00e3o Comercial e Empresarial de Caruaru \u2013 ACIC, C\u00e2mara de Dirigentes Lojistas \u2013 CDL, Associa\u00e7\u00e3o Caruaruense de Ensino Superior \u2013 ASCES, Clubes C\u00edvicos (Rotary Clube), Federa\u00e7\u00e3o das Ind\u00fastrias de Pernambuco \u2013 FIEPE Caruaru, OAB Caruaru, Armaz\u00e9m da Criatividade, Associa\u00e7\u00e3o Caruaruense de Cultura, Ci\u00eancias e Letras \u2013 ACACCIL, bem como, membros da pol\u00edcia Militar, Federal, CAT Agreste e o artista, compositor e representante da cultura local, Onildo Almeida.<\/div>\n","protected":false},"excerpt":{"rendered":"<p>A Prefeitura de Caruaru implantou, na manh\u00e3 desta sexta-feira (31), o Comit\u00ea Municipal de Desenvolvimento Econ\u00f4mico e Social (Comdes), que&hellip;<\/p>\n","protected":false},"author":1,"featured_media":0,"comment_status":"open","ping_status":"open","sticky":false,"template":"","format":"standard","meta":{"footnotes":""},"categories":[1],"tags":[2,1404,6],"class_list":["post-1422","post","type-post","status-publish","format-standard","hentry","category-sem-categoria","tag-blog-do-edvaldo-magalhaes","tag-comite-municipal-de-desenvolvimento-economico-e-social-e-implantado-em-caruaru","tag-noticias"],"_links":{"self":[{"href":"https:\/\/blogdoedvaldomagalhaes.com.br\/index.php\/wp-json\/wp\/v2\/posts\/1422","targetHints":{"allow":["GET"]}}],"collection":[{"href":"https:\/\/blogdoedvaldomagalhaes.com.br\/index.php\/wp-json\/wp\/v2\/posts"}],"about":[{"href":"https:\/\/blogdoedvaldomagalhaes.com.br\/index.php\/wp-json\/wp\/v2\/types\/post"}],"author":[{"embeddable":true,"href":"https:\/\/blogdoedvaldomagalhaes.com.br\/index.php\/wp-json\/wp\/v2\/users\/1"}],"replies":[{"embeddable":true,"href":"https:\/\/blogdoedvaldomagalhaes.com.br\/index.php\/wp-json\/wp\/v2\/comments?post=1422"}],"version-history":[{"count":1,"href":"https:\/\/blogdoedvaldomagalhaes.com.br\/index.php\/wp-json\/wp\/v2\/posts\/1422\/revisions"}],"predecessor-version":[{"id":33774,"href":"https:\/\/blogdoedvaldomagalhaes.com.br\/index.php\/wp-json\/wp\/v2\/posts\/1422\/revisions\/33774"}],"wp:attachment":[{"href":"https:\/\/blogdoedvaldomagalhaes.com.br\/index.php\/wp-json\/wp\/v2\/media?parent=1422"}],"wp:term":[{"taxonomy":"category","embeddable":true,"href":"https:\/\/blogdoedvaldomagalhaes.com.br\/index.php\/wp-json\/wp\/v2\/categories?post=1422"},{"taxonomy":"post_tag","embeddable":true,"href":"https:\/\/blogdoedvaldomagalhaes.com.br\/index.php\/wp-json\/wp\/v2\/tags?post=1422"}],"curies":[{"name":"wp","href":"https:\/\/api.w.org\/{rel}","templated":true}]}}